{"id":3635,"date":"2010-12-03T15:16:35","date_gmt":"2010-12-03T18:16:35","guid":{"rendered":"http:\/\/www.r2cpress.com.br\/v1\/?p=3635"},"modified":"2010-12-03T15:16:36","modified_gmt":"2010-12-03T18:16:36","slug":"camara-municipal-de-ilheus-26","status":"publish","type":"post","link":"https:\/\/www.r2cpress.com.br\/v1\/2010\/12\/03\/camara-municipal-de-ilheus-26\/","title":{"rendered":"C\u00e2mara Municipal de Ilh\u00e9us"},"content":{"rendered":"<p><strong>Iguape receber\u00e1 Audi\u00eancia P\u00fablica com a presen\u00e7a dos vereadores<\/strong><\/p>\n<p><a href=\"http:\/\/www.r2cpress.com.br\/v1\/wp-content\/uploads\/vereador-tarcizio.jpeg\"><img loading=\"lazy\" src=\"http:\/\/www.r2cpress.com.br\/v1\/wp-content\/uploads\/vereador-tarcizio.jpeg\" alt=\"\" title=\"vereador tarcizio\" width=\"176\" height=\"166\" class=\"alignright size-full wp-image-3636\" \/><\/a>A C\u00e2mara de Vereadores de Ilh\u00e9us atrav\u00e9s de um requerimento do edil Tarc\u00edsio Paix\u00e3o, realizar\u00e1 na pr\u00f3xima segunda-feira (6), a partir das 19h, uma Audi\u00eancia P\u00fablica no bairro do Iguape para debater os problemas que o referido local vem passando ultimamente.<\/p>\n<p>O debate ser\u00e1 realizado no Iguape T\u00eanis Clube e \u00e9 aberto a todos os moradores do bairro. <\/p>\n<p>&#8220;\u00c9 uma oportunidade de todos comparecerem e falarem sobre os percal\u00e7os que o Iguape est\u00e1 enfrentando, pois somente assim a C\u00e2mara poder\u00e1 tomar algumas provid\u00eancias atrav\u00e9s de indica\u00e7\u00f5es, por exemplo&#8221;, disse o vereador Tarc\u00edsio Paix\u00e3o.<\/p>\n","protected":false},"excerpt":{"rendered":"<p>Iguape receber\u00e1 Audi\u00eancia P\u00fablica com a presen\u00e7a dos vereadores A C\u00e2mara de Vereadores de Ilh\u00e9us atrav\u00e9s de um requerimento do edil Tarc\u00edsio Paix\u00e3o, realizar\u00e1 na pr\u00f3xima segunda-feira (6), a partir das 19h, uma Audi\u00eancia P\u00fablica no bairro do Iguape para debater os problemas que o referido local vem passando ultimamente. O debate ser\u00e1 realizado no [&hellip;]<\/p>\n","protected":false},"author":2,"featured_media":0,"comment_status":"open","ping_status":"open","sticky":false,"template":"","format":"standard","meta":{"_links_to":"","_links_to_target":""},"categories":[22],"tags":[],"_links":{"self":[{"href":"https:\/\/www.r2cpress.com.br\/v1\/wp-json\/wp\/v2\/posts\/3635"}],"collection":[{"href":"https:\/\/www.r2cpress.com.br\/v1\/wp-json\/wp\/v2\/posts"}],"about":[{"href":"https:\/\/www.r2cpress.com.br\/v1\/wp-json\/wp\/v2\/types\/post"}],"author":[{"embeddable":true,"href":"https:\/\/www.r2cpress.com.br\/v1\/wp-json\/wp\/v2\/users\/2"}],"replies":[{"embeddable":true,"href":"https:\/\/www.r2cpress.com.br\/v1\/wp-json\/wp\/v2\/comments?post=3635"}],"version-history":[{"count":3,"href":"https:\/\/www.r2cpress.com.br\/v1\/wp-json\/wp\/v2\/posts\/3635\/revisions"}],"predecessor-version":[{"id":3639,"href":"https:\/\/www.r2cpress.com.br\/v1\/wp-json\/wp\/v2\/posts\/3635\/revisions\/3639"}],"wp:attachment":[{"href":"https:\/\/www.r2cpress.com.br\/v1\/wp-json\/wp\/v2\/media?parent=3635"}],"wp:term":[{"taxonomy":"category","embeddable":true,"href":"https:\/\/www.r2cpress.com.br\/v1\/wp-json\/wp\/v2\/categories?post=3635"},{"taxonomy":"post_tag","embeddable":true,"href":"https:\/\/www.r2cpress.com.br\/v1\/wp-json\/wp\/v2\/tags?post=3635"}],"curies":[{"name":"wp","href":"https:\/\/api.w.org\/{rel}","templated":true}]}}