{"id":36350,"date":"2012-02-16T13:27:09","date_gmt":"2012-02-16T15:27:09","guid":{"rendered":"http:\/\/www.r2cpress.com.br\/v1\/?p=36350"},"modified":"2012-02-16T13:27:09","modified_gmt":"2012-02-16T15:27:09","slug":"13o-encontro-estadual-de-capoeira-ilheus-bahia","status":"publish","type":"post","link":"https:\/\/www.r2cpress.com.br\/v1\/2012\/02\/16\/13o-encontro-estadual-de-capoeira-ilheus-bahia\/","title":{"rendered":"13\u00ba Encontro Estadual de Capoeira &#8211; Ilh\u00e9us-Bahia"},"content":{"rendered":"<p><center><a href=\"http:\/\/www.r2cpress.com.br\/v1\/wp-content\/uploads\/grupo-de-capoeira-camarada-camaradinha.jpg\"><img loading=\"lazy\" class=\"aligncenter size-full wp-image-36351\" title=\"grupo de capoeira camarada camaradinha\" src=\"http:\/\/www.r2cpress.com.br\/v1\/wp-content\/uploads\/grupo-de-capoeira-camarada-camaradinha.jpg\" alt=\"\" width=\"170\" height=\"219\" \/><\/a><\/center><\/p>\n<p>O GRUPO DE CAPOEIRA CAMARADA CAMARADINHA (Mestre Ramiro), realizar\u00e1 nos dias 02, 03 e 04 de mar\u00e7o de 2012 em Ilh\u00e9us-Bahia, o 13\u00ba ENCONTRO ESTADUAL DE CAPOEIRA, o evento tem como objetivos, promover interc\u00e2mbio cultural entre capoeiristas de Ilh\u00e9us e outros munic\u00edpios da Bahia e de outros estados do Brasil. Durante o encontro haver\u00e1, batizado de Capoeira com Troca de Cord\u00f5es, formatura de Professores e Mestres de Capoeira, vinculados ao Grupo de Capoeira Camarada Camaradinha, al\u00e9m de v\u00e1rias atividades culturais.<br \/>\nCONFIRMADA PRESEN\u00c7AS DOS GRUPOS:<br \/>\n\u2022\u00a0\u00a0 \u00a0Liberdade \u2013 Mestre Gordo<br \/>\n\u2022\u00a0\u00a0 \u00a0Zambi Ax\u00e9 &#8211; Mestre Junior \u201cde percuss\u00e3o\u201d<br \/>\n\u2022\u00a0\u00a0 \u00a0Na\u00e7\u00e3o Iorub\u00e1 \u2013 Mestre Oleoso \u2013 Prof\u00ba. F\u00e1bio<br \/>\n\u2022\u00a0\u00a0 \u00a0Dan\u00e7a Africana \u2013 Prof\u00aa. Clara<\/p>\n<p>PROGRAMA\u00c7\u00c3O:<br \/>\nDIA 02 DE MAR\u00c7O DE 2012 (SEXTA FEIRA).<br \/>\n\u00c0s 19h00minh \u2013 Roda aberta para os grupos de capoeira de Ilh\u00e9us e regi\u00e3o.<br \/>\nLocal: Sede da Associa\u00e7\u00e3o dos Funcion\u00e1rios da FUNASA \u201cAssocia\u00e7\u00e3o da SUCAM\u201d, bairro do Malhado (perto do tamarineiro).<\/p>\n<p>DIA 03 DE MAR\u00c7O DE 2012 (S\u00c1BADO).<br \/>\nDas 08:00h \u00e0s 09:00h \u2013 Receptivo e caf\u00e9 da manh\u00e3 \u2013 Assoc. da SUCAM.<br \/>\nDas 10:00h \u2013 Roda de capoeira com os Mestres &#8211; Assoc. da SUCAM.<br \/>\n11;00h Palestra Tema escolhido pelo Mestre palestrante &#8211; Assoc. da SUCAM.<br \/>\n12;00h Almo\u00e7o no local &#8211; Assoc. da SUCAM.<br \/>\nTempo livre at\u00e9 \u00e0s 16:00h<br \/>\n16:30h &#8211; Roda\u00a0 em frente ao Teatro Municipal de Ilh\u00e9us, Centro.<\/p>\n<p>DIA 04 DE MAR\u00c7O DE 2012 (DOMINGO) \u2013 Gin\u00e1sio de Esportes Herval Soledade, Av.: Canavieiras, Centro.<br \/>\nDas 08h00h \u00e0s 12:00h \u2013 Abertura, Roda de Capoeira, apresenta\u00e7\u00e3o dos convidados, apresenta\u00e7\u00e3o de samba de Roda com o grupo Liberdade (Mestre Gordo), apresenta\u00e7\u00e3o afro com o grupo Zambi Ax\u00e9 (Mestre Junior \u201cde percuss\u00e3o\u201d); apresenta\u00e7\u00e3o de Maculel\u00ea e dan\u00e7a do fac\u00e3o (grupo Camarada Camaradinha); Batizado, Formatura e encerramento.<br \/>\nCONTATO: Ramiro Oliveira \u201cMestre Ramiro\u201d \u2013 (73) 3231-6239 \/ 8846-2496<\/p>\n","protected":false},"excerpt":{"rendered":"<p>O GRUPO DE CAPOEIRA CAMARADA CAMARADINHA (Mestre Ramiro), realizar\u00e1 nos dias 02, 03 e 04 de mar\u00e7o de 2012 em Ilh\u00e9us-Bahia, o 13\u00ba ENCONTRO ESTADUAL DE CAPOEIRA, o evento tem como objetivos, promover interc\u00e2mbio cultural entre capoeiristas de Ilh\u00e9us e outros munic\u00edpios da Bahia e de outros estados do Brasil. Durante o encontro haver\u00e1, batizado [&hellip;]<\/p>\n","protected":false},"author":2,"featured_media":0,"comment_status":"open","ping_status":"open","sticky":false,"template":"","format":"standard","meta":{"_links_to":"","_links_to_target":""},"categories":[5],"tags":[],"_links":{"self":[{"href":"https:\/\/www.r2cpress.com.br\/v1\/wp-json\/wp\/v2\/posts\/36350"}],"collection":[{"href":"https:\/\/www.r2cpress.com.br\/v1\/wp-json\/wp\/v2\/posts"}],"about":[{"href":"https:\/\/www.r2cpress.com.br\/v1\/wp-json\/wp\/v2\/types\/post"}],"author":[{"embeddable":true,"href":"https:\/\/www.r2cpress.com.br\/v1\/wp-json\/wp\/v2\/users\/2"}],"replies":[{"embeddable":true,"href":"https:\/\/www.r2cpress.com.br\/v1\/wp-json\/wp\/v2\/comments?post=36350"}],"version-history":[{"count":4,"href":"https:\/\/www.r2cpress.com.br\/v1\/wp-json\/wp\/v2\/posts\/36350\/revisions"}],"predecessor-version":[{"id":36355,"href":"https:\/\/www.r2cpress.com.br\/v1\/wp-json\/wp\/v2\/posts\/36350\/revisions\/36355"}],"wp:attachment":[{"href":"https:\/\/www.r2cpress.com.br\/v1\/wp-json\/wp\/v2\/media?parent=36350"}],"wp:term":[{"taxonomy":"category","embeddable":true,"href":"https:\/\/www.r2cpress.com.br\/v1\/wp-json\/wp\/v2\/categories?post=36350"},{"taxonomy":"post_tag","embeddable":true,"href":"https:\/\/www.r2cpress.com.br\/v1\/wp-json\/wp\/v2\/tags?post=36350"}],"curies":[{"name":"wp","href":"https:\/\/api.w.org\/{rel}","templated":true}]}}