{"id":36410,"date":"2012-02-16T21:24:20","date_gmt":"2012-02-16T23:24:20","guid":{"rendered":"http:\/\/www.r2cpress.com.br\/v1\/?p=36410"},"modified":"2012-02-16T21:24:20","modified_gmt":"2012-02-16T23:24:20","slug":"com-aval-da-critica-o-espetaculo-a-favela-traz-janete-do-zorra-total-pela-primeira-vez-na-bahia","status":"publish","type":"post","link":"https:\/\/www.r2cpress.com.br\/v1\/2012\/02\/16\/com-aval-da-critica-o-espetaculo-a-favela-traz-janete-do-zorra-total-pela-primeira-vez-na-bahia\/","title":{"rendered":"Com aval da cr\u00edtica, o espet\u00e1culo \u201cA Favela\u201d traz Janete do Zorra Total pela primeira vez na Bahia."},"content":{"rendered":"<div id=\"attachment_36411\" style=\"width: 310px\" class=\"wp-caption alignleft\"><a href=\"http:\/\/www.r2cpress.com.br\/v1\/wp-content\/uploads\/FOTO-THALITA-E-RODRIGO.jpg\"><img aria-describedby=\"caption-attachment-36411\" loading=\"lazy\" class=\"size-medium wp-image-36411\" title=\"FOTO THALITA E RODRIGO\" src=\"http:\/\/www.r2cpress.com.br\/v1\/wp-content\/uploads\/FOTO-THALITA-E-RODRIGO-300x241.jpg\" alt=\"\" width=\"300\" height=\"241\" srcset=\"https:\/\/www.r2cpress.com.br\/v1\/wp-content\/uploads\/FOTO-THALITA-E-RODRIGO-300x241.jpg 300w, https:\/\/www.r2cpress.com.br\/v1\/wp-content\/uploads\/FOTO-THALITA-E-RODRIGO.jpg 620w\" sizes=\"(max-width: 300px) 100vw, 300px\" \/><\/a><p id=\"caption-attachment-36411\" class=\"wp-caption-text\">THALITA E RODRIGO<\/p><\/div>\n<p>Quem gosta de uma boa com\u00e9dia ter\u00e1 a chance de se divertir na noite dos dias 03 e 04 de mar\u00e7o, no Teatro Municipal de Ilh\u00e9us, a pe\u00e7a \u201cA Favela\u201d, apresentado pela atriz Thalita Carauta que interpreta as personagens Clarete e o sucesso Janete no programa do Zorra Total da rede Globo.<br \/>\nSob dire\u00e7\u00e3o do ator Rodrigo Sant\u2019anna e texto da pr\u00f3pria atriz, o humor contagiante desta que foi eleita revela\u00e7\u00e3o de 2011 pelo Pr\u00eamio Extra TV, vem agradando a cr\u00edtica por onde se apresenta e chega pela primeira vez na Bahia atrav\u00e9s da Faze Produtora. As vendas acontecem ao longo do dia no Stand do Karioca e Academia T\u00f4nus em Ilh\u00e9us e Bicho Festeiro em Itabuna, al\u00e9m da bilheteria do teatro.<\/p>\n<p>Durante o espet\u00e1culo com dura\u00e7\u00e3o de 90 minutos, \u00e9 apresentado quatro personagens em um dia comum da comunidade. S\u00e3o elas: Clarete, uma vendedora barraqueira; Dona Sanatinha, uma pregadora suspeita; Fininho, o chefe da favela; e Janete, a radialista que d\u00e1 dicas de sedu\u00e7\u00e3o. O humor, recheado de surpresas, vem sendo uma das grandes novidades no teatro brasileiro em 2012 e garantia de boas risadas.<\/p>\n<p>Informa\u00e7\u00f5es: (73) 9122-3704.<\/p>\n","protected":false},"excerpt":{"rendered":"<p>Quem gosta de uma boa com\u00e9dia ter\u00e1 a chance de se divertir na noite dos dias 03 e 04 de mar\u00e7o, no Teatro Municipal de Ilh\u00e9us, a pe\u00e7a \u201cA Favela\u201d, apresentado pela atriz Thalita Carauta que interpreta as personagens Clarete e o sucesso Janete no programa do Zorra Total da rede Globo. Sob dire\u00e7\u00e3o do [&hellip;]<\/p>\n","protected":false},"author":2,"featured_media":0,"comment_status":"open","ping_status":"open","sticky":false,"template":"","format":"standard","meta":{"_links_to":"","_links_to_target":""},"categories":[5],"tags":[],"_links":{"self":[{"href":"https:\/\/www.r2cpress.com.br\/v1\/wp-json\/wp\/v2\/posts\/36410"}],"collection":[{"href":"https:\/\/www.r2cpress.com.br\/v1\/wp-json\/wp\/v2\/posts"}],"about":[{"href":"https:\/\/www.r2cpress.com.br\/v1\/wp-json\/wp\/v2\/types\/post"}],"author":[{"embeddable":true,"href":"https:\/\/www.r2cpress.com.br\/v1\/wp-json\/wp\/v2\/users\/2"}],"replies":[{"embeddable":true,"href":"https:\/\/www.r2cpress.com.br\/v1\/wp-json\/wp\/v2\/comments?post=36410"}],"version-history":[{"count":3,"href":"https:\/\/www.r2cpress.com.br\/v1\/wp-json\/wp\/v2\/posts\/36410\/revisions"}],"predecessor-version":[{"id":36414,"href":"https:\/\/www.r2cpress.com.br\/v1\/wp-json\/wp\/v2\/posts\/36410\/revisions\/36414"}],"wp:attachment":[{"href":"https:\/\/www.r2cpress.com.br\/v1\/wp-json\/wp\/v2\/media?parent=36410"}],"wp:term":[{"taxonomy":"category","embeddable":true,"href":"https:\/\/www.r2cpress.com.br\/v1\/wp-json\/wp\/v2\/categories?post=36410"},{"taxonomy":"post_tag","embeddable":true,"href":"https:\/\/www.r2cpress.com.br\/v1\/wp-json\/wp\/v2\/tags?post=36410"}],"curies":[{"name":"wp","href":"https:\/\/api.w.org\/{rel}","templated":true}]}}