{"id":36572,"date":"2012-02-19T12:27:40","date_gmt":"2012-02-19T14:27:40","guid":{"rendered":"http:\/\/www.r2cpress.com.br\/v1\/?p=36572"},"modified":"2012-02-19T12:27:40","modified_gmt":"2012-02-19T14:27:40","slug":"tj-do-rio-concede-habeas-corpus-para-11-policiais-militares-e-12-bombeiros-envolvidos-em-greve","status":"publish","type":"post","link":"https:\/\/www.r2cpress.com.br\/v1\/2012\/02\/19\/tj-do-rio-concede-habeas-corpus-para-11-policiais-militares-e-12-bombeiros-envolvidos-em-greve\/","title":{"rendered":"TJ do Rio concede habeas corpus para 11 policiais militares e 12 bombeiros envolvidos em greve"},"content":{"rendered":"<p>O Tribunal de Justi\u00e7a do Rio de Janeiro concedeu, na noite de ontem (18), habeas corpus para 11 policiais militares e 12 bombeiros envolvidos na greve. A paralisa\u00e7\u00e3o da categoria no Rio come\u00e7ou no \u00faltimo dia 9 e foi suspensa no dia 13.<\/p>\n<p>O desembargador Adolpho Andrade, do plant\u00e3o judici\u00e1rio, concedeu habeas corpus para os dois bombeiros que participaram do movimento grevista. Outros 10 bombeiros tamb\u00e9m foram beneficiados com o habeas corpus e aguardam o alvar\u00e1 de soltura, segundo o TJ. Entre os que receberam o habeas corpus est\u00e1 o l\u00edder do movimento, o cabo Beneveluto Daciolo.<\/p>\n<p>Os 11 policiais haviam sido presos no dia 10 deste m\u00eas, primeiro dia depois de decretada a greve. A informa\u00e7\u00e3o da liberdade destes policiais foi confirmada por parentes do coronel Paulo Ricardo Pa\u00fal, um dos l\u00edderes grevistas.<\/p>\n<p>No quarta-feira (15), o TJ j\u00e1 havia autorizado a transfer\u00eancia dos policiais militares e bombeiros presos que foram levados ao pres\u00eddio de seguran\u00e7a de Bangu 1 para as unidades prisionais militares. Uma comiss\u00e3o de parlamentares federais investiga o fato, j\u00e1 que militares n\u00e3o poderiam estar presos num pres\u00eddio comum.<\/p>\n<p>O movimento grevista do Rio reivindicava melhores sal\u00e1rios e a aprova\u00e7\u00e3o da PEC 300 \u2013 proposta de emenda a constitui\u00e7\u00e3o que estabelece um piso nacional para os servidores da seguran\u00e7a p\u00fablica.<\/p>\n<p>Com a pris\u00e3o dos l\u00edderes grevistas e a baixa ades\u00e3o ao movimento que se iniciava \u00e0s v\u00e9speras do Carnaval, uma nova assembleia, na \u00faltima segunda (13) decidiu pela suspens\u00e3o da greve e a principal reivindica\u00e7\u00e3o passou a ser a liberdades dos militares presos.<\/p>\n<p>* Com informa\u00e7\u00f5es da Ag\u00eancia Brasil e da Ag\u00eancia Estado<\/p>\n<p>&#8212;<br \/>\nJulio Reis*<br \/>\nDo <a href = \"http:\/\/noticias.uol.com.br\/cotidiano\/ultimas-noticias\/2012\/02\/19\/tj-do-rio-concede-habeas-corpus-para-11-policiais-militares-e-dois-bombeiros-envolvidos-em-greve.htm\" target = \"_news\"><b>UOL<\/b><\/a>, no Rio <\/p>\n","protected":false},"excerpt":{"rendered":"<p>O Tribunal de Justi\u00e7a do Rio de Janeiro concedeu, na noite de ontem (18), habeas corpus para 11 policiais militares e 12 bombeiros envolvidos na greve. A paralisa\u00e7\u00e3o da categoria no Rio come\u00e7ou no \u00faltimo dia 9 e foi suspensa no dia 13. O desembargador Adolpho Andrade, do plant\u00e3o judici\u00e1rio, concedeu habeas corpus para os [&hellip;]<\/p>\n","protected":false},"author":2,"featured_media":0,"comment_status":"open","ping_status":"open","sticky":false,"template":"","format":"standard","meta":{"_links_to":"","_links_to_target":""},"categories":[25],"tags":[],"_links":{"self":[{"href":"https:\/\/www.r2cpress.com.br\/v1\/wp-json\/wp\/v2\/posts\/36572"}],"collection":[{"href":"https:\/\/www.r2cpress.com.br\/v1\/wp-json\/wp\/v2\/posts"}],"about":[{"href":"https:\/\/www.r2cpress.com.br\/v1\/wp-json\/wp\/v2\/types\/post"}],"author":[{"embeddable":true,"href":"https:\/\/www.r2cpress.com.br\/v1\/wp-json\/wp\/v2\/users\/2"}],"replies":[{"embeddable":true,"href":"https:\/\/www.r2cpress.com.br\/v1\/wp-json\/wp\/v2\/comments?post=36572"}],"version-history":[{"count":2,"href":"https:\/\/www.r2cpress.com.br\/v1\/wp-json\/wp\/v2\/posts\/36572\/revisions"}],"predecessor-version":[{"id":36574,"href":"https:\/\/www.r2cpress.com.br\/v1\/wp-json\/wp\/v2\/posts\/36572\/revisions\/36574"}],"wp:attachment":[{"href":"https:\/\/www.r2cpress.com.br\/v1\/wp-json\/wp\/v2\/media?parent=36572"}],"wp:term":[{"taxonomy":"category","embeddable":true,"href":"https:\/\/www.r2cpress.com.br\/v1\/wp-json\/wp\/v2\/categories?post=36572"},{"taxonomy":"post_tag","embeddable":true,"href":"https:\/\/www.r2cpress.com.br\/v1\/wp-json\/wp\/v2\/tags?post=36572"}],"curies":[{"name":"wp","href":"https:\/\/api.w.org\/{rel}","templated":true}]}}