{"id":36626,"date":"2012-02-19T22:49:36","date_gmt":"2012-02-20T00:49:36","guid":{"rendered":"http:\/\/www.r2cpress.com.br\/v1\/?p=36626"},"modified":"2012-02-19T22:49:36","modified_gmt":"2012-02-20T00:49:36","slug":"ilheus-carnaval-2012-5","status":"publish","type":"post","link":"https:\/\/www.r2cpress.com.br\/v1\/2012\/02\/19\/ilheus-carnaval-2012-5\/","title":{"rendered":"ILH\u00c9US \/ Carnaval 2012"},"content":{"rendered":"<p><div id=\"attachment_36627\" style=\"width: 560px\" class=\"wp-caption aligncenter\"><a href=\"http:\/\/www.r2cpress.com.br\/v1\/wp-content\/uploads\/MONT-ED-FERREIRA_j.jpg\"><img aria-describedby=\"caption-attachment-36627\" loading=\"lazy\" src=\"http:\/\/www.r2cpress.com.br\/v1\/wp-content\/uploads\/MONT-ED-FERREIRA_j.jpg\" alt=\"\" title=\"MONT ED FERREIRA_j\" width=\"550\" height=\"849\" class=\"size-full wp-image-36627\" srcset=\"https:\/\/www.r2cpress.com.br\/v1\/wp-content\/uploads\/MONT-ED-FERREIRA_j.jpg 550w, https:\/\/www.r2cpress.com.br\/v1\/wp-content\/uploads\/MONT-ED-FERREIRA_j-194x300.jpg 194w\" sizes=\"(max-width: 550px) 100vw, 550px\" \/><\/a><p id=\"caption-attachment-36627\" class=\"wp-caption-text\">FOTOS: ED FERREIRA<\/p><\/div><br \/>\n<strong>Para ver as fotos by ED FERREIRA clique<\/strong>  <a href = \"https:\/\/picasaweb.google.com\/r2cpress\/CARNAVAL2012_ILHEUS#5711005988333515826\" target = \"_news\"><b>AQUI.<\/b><\/a> <strong>e depois na seta para AVAN\u00c7AR.<\/strong><br \/>\n<strong>Para ver as fotos by MARY MELGA\u00c7O clique <\/strong><a href = \"https:\/\/picasaweb.google.com\/r2cpress\/CARNAVAL2012_ILHEUS#5710860070483203058\" target = \"_news\"><b>AQUI<\/b><\/a> <strong>e depois na seta para AVAN\u00c7AR.<br \/>\n<\/strong><strong>Para ver as fotos by CLODOALDO RIBEIRO clique<\/strong> <a href = \"https:\/\/picasaweb.google.com\/r2cpress\/CARNAVAL2012_ILHEUS#5710807202880436594\" target = \"_news\"><b>AQUI<\/b><\/a> <strong>e depois na seta para AVAN\u00c7AR.<\/strong><\/p>\n","protected":false},"excerpt":{"rendered":"<p>Para ver as fotos by ED FERREIRA clique AQUI. e depois na seta para AVAN\u00c7AR. Para ver as fotos by MARY MELGA\u00c7O clique AQUI e depois na seta para AVAN\u00c7AR. Para ver as fotos by CLODOALDO RIBEIRO clique AQUI e depois na seta para AVAN\u00c7AR.<\/p>\n","protected":false},"author":2,"featured_media":0,"comment_status":"open","ping_status":"open","sticky":false,"template":"","format":"standard","meta":{"_links_to":"","_links_to_target":""},"categories":[14],"tags":[],"_links":{"self":[{"href":"https:\/\/www.r2cpress.com.br\/v1\/wp-json\/wp\/v2\/posts\/36626"}],"collection":[{"href":"https:\/\/www.r2cpress.com.br\/v1\/wp-json\/wp\/v2\/posts"}],"about":[{"href":"https:\/\/www.r2cpress.com.br\/v1\/wp-json\/wp\/v2\/types\/post"}],"author":[{"embeddable":true,"href":"https:\/\/www.r2cpress.com.br\/v1\/wp-json\/wp\/v2\/users\/2"}],"replies":[{"embeddable":true,"href":"https:\/\/www.r2cpress.com.br\/v1\/wp-json\/wp\/v2\/comments?post=36626"}],"version-history":[{"count":9,"href":"https:\/\/www.r2cpress.com.br\/v1\/wp-json\/wp\/v2\/posts\/36626\/revisions"}],"predecessor-version":[{"id":36636,"href":"https:\/\/www.r2cpress.com.br\/v1\/wp-json\/wp\/v2\/posts\/36626\/revisions\/36636"}],"wp:attachment":[{"href":"https:\/\/www.r2cpress.com.br\/v1\/wp-json\/wp\/v2\/media?parent=36626"}],"wp:term":[{"taxonomy":"category","embeddable":true,"href":"https:\/\/www.r2cpress.com.br\/v1\/wp-json\/wp\/v2\/categories?post=36626"},{"taxonomy":"post_tag","embeddable":true,"href":"https:\/\/www.r2cpress.com.br\/v1\/wp-json\/wp\/v2\/tags?post=36626"}],"curies":[{"name":"wp","href":"https:\/\/api.w.org\/{rel}","templated":true}]}}