{"id":36671,"date":"2012-02-20T18:33:00","date_gmt":"2012-02-20T20:33:00","guid":{"rendered":"http:\/\/www.r2cpress.com.br\/v1\/?p=36671"},"modified":"2012-02-20T19:06:58","modified_gmt":"2012-02-20T21:06:58","slug":"cuba-prepara-local-onde-papa-celebrara-missa-em-marco","status":"publish","type":"post","link":"https:\/\/www.r2cpress.com.br\/v1\/2012\/02\/20\/cuba-prepara-local-onde-papa-celebrara-missa-em-marco\/","title":{"rendered":"Cuba prepara local onde Papa celebrar\u00e1 missa em mar\u00e7o"},"content":{"rendered":"<p>O governo de Cuba come\u00e7ou a erguer um enorme palco na Pra\u00e7a da Revolu\u00e7\u00e3o, em Havana, onde o papa Bento XVI deve celebrar uma missa no m\u00eas que vem, em sua primeira visita ao pa\u00eds. O arquiteto Luis Manuel Perez \u00e9 o respons\u00e1vel pelo projeto. Ele afirmou que os trabalhadores est\u00e3o construindo a escadaria principal e o palco onde o pont\u00edfice celebrar\u00e1 a cerim\u00f4nia.<\/p>\n<p>O altar ficar\u00e1 de frente para a pra\u00e7a e para as homenagens ao l\u00edder guerrilheiro Ernesto &#8220;Che&#8221; Guevara, ao lado de um pr\u00e9dio do governo. Perez explicou que as prepara\u00e7\u00f5es tiveram in\u00edcio na semana passada, mas somente agora os trabalhadores est\u00e3o come\u00e7ando a colocar uma estrutura met\u00e1lica de suporte. Ele disse que o projeto vem sendo coordenado tamb\u00e9m pela Arquidiocese de Havana. O papa deve visitar Cuba entre 26 e 28 de mar\u00e7o. As informa\u00e7\u00f5es s\u00e3o da Associated Press.<\/p>\n<p>Ag\u00eancia Estado<br \/>\nNo <a href = \"http:\/\/www.atarde.com.br\/mundo\/noticia.jsf?id=5812611&#038;t=Cuba+prepara+local+onde+Papa+celebrara+missa+em+marco\" target = \"_news\"><b>A TARDE ON LINE<\/b><\/a><\/p>\n","protected":false},"excerpt":{"rendered":"<p>O governo de Cuba come\u00e7ou a erguer um enorme palco na Pra\u00e7a da Revolu\u00e7\u00e3o, em Havana, onde o papa Bento XVI deve celebrar uma missa no m\u00eas que vem, em sua primeira visita ao pa\u00eds. O arquiteto Luis Manuel Perez \u00e9 o respons\u00e1vel pelo projeto. Ele afirmou que os trabalhadores est\u00e3o construindo a escadaria principal [&hellip;]<\/p>\n","protected":false},"author":2,"featured_media":0,"comment_status":"open","ping_status":"open","sticky":false,"template":"","format":"standard","meta":{"_links_to":"","_links_to_target":""},"categories":[13],"tags":[],"_links":{"self":[{"href":"https:\/\/www.r2cpress.com.br\/v1\/wp-json\/wp\/v2\/posts\/36671"}],"collection":[{"href":"https:\/\/www.r2cpress.com.br\/v1\/wp-json\/wp\/v2\/posts"}],"about":[{"href":"https:\/\/www.r2cpress.com.br\/v1\/wp-json\/wp\/v2\/types\/post"}],"author":[{"embeddable":true,"href":"https:\/\/www.r2cpress.com.br\/v1\/wp-json\/wp\/v2\/users\/2"}],"replies":[{"embeddable":true,"href":"https:\/\/www.r2cpress.com.br\/v1\/wp-json\/wp\/v2\/comments?post=36671"}],"version-history":[{"count":3,"href":"https:\/\/www.r2cpress.com.br\/v1\/wp-json\/wp\/v2\/posts\/36671\/revisions"}],"predecessor-version":[{"id":36674,"href":"https:\/\/www.r2cpress.com.br\/v1\/wp-json\/wp\/v2\/posts\/36671\/revisions\/36674"}],"wp:attachment":[{"href":"https:\/\/www.r2cpress.com.br\/v1\/wp-json\/wp\/v2\/media?parent=36671"}],"wp:term":[{"taxonomy":"category","embeddable":true,"href":"https:\/\/www.r2cpress.com.br\/v1\/wp-json\/wp\/v2\/categories?post=36671"},{"taxonomy":"post_tag","embeddable":true,"href":"https:\/\/www.r2cpress.com.br\/v1\/wp-json\/wp\/v2\/tags?post=36671"}],"curies":[{"name":"wp","href":"https:\/\/api.w.org\/{rel}","templated":true}]}}