{"id":36704,"date":"2012-02-21T10:50:00","date_gmt":"2012-02-21T12:50:00","guid":{"rendered":"http:\/\/www.r2cpress.com.br\/v1\/?p=36704"},"modified":"2012-02-21T10:50:06","modified_gmt":"2012-02-21T12:50:06","slug":"folioes-agitam-a-avenida-soares-lopes-na-segunda-feira-do-carnaval","status":"publish","type":"post","link":"https:\/\/www.r2cpress.com.br\/v1\/2012\/02\/21\/folioes-agitam-a-avenida-soares-lopes-na-segunda-feira-do-carnaval\/","title":{"rendered":"Foli\u00f5es agitam a avenida Soares Lopes na segunda-feira do carnaval"},"content":{"rendered":"<p>O agito comandado nesta segunda-feira (20) pela cantora Viviane Tr\u00edpodi, de Salvador e pelas bandas Ciclone Musical, Di Bali, Pagojan e Um Love a Mais, demorou para que o p\u00fablico regional deixasse a avenida Soares Lopes. A cada passagem dos trios, sempre acompanhada por blocos de arrasto e de sujo, uma multid\u00e3o se encarregava de colorir o circuito da folia, com mistura de sons e ritmos diversos no tradicional \u201cencontro de bandas\u201d. E a partir das 16 horas, \u201co grito de guerra\u201d foi dado ao som do \u201cax\u00e9-music\u201d, passando por pagode e balan\u00e7ando o p\u00fablico com arrocha, que a cada ano vem se incorporando ao Carnaval de Ilh\u00e9us.<br \/>\nDurante a passagem dos trios el\u00e9tricos Polirodas, Balance e Mega Tom era poss\u00edvel observar que a maioria das pessoas abusou da criatividade, usou as mais diversas fantasias, algumas simples ou improvisadas e outras at\u00e9 meio sofisticadas. Crian\u00e7as, jovens e adultos de ambos os sexos mostraram in\u00fameros estilos e gostos bem diferentes, com predomin\u00e2ncia para os blocos de travestidos, uma das marcas da folia local.<br \/>\nOutra atra\u00e7\u00e3o que empolgou o p\u00fablico foi a apresenta\u00e7\u00e3o da Escola de Samba Imperadores do Samba, do bairro Teot\u00f4nio Vilela. Criada em 1978, \u00e9 a \u00fanica escola que resiste \u00e0s tradi\u00e7\u00f5es carnavalescas e traz brilho \u00e0 avenida. Com o seu samba enredo dedicado a Jorge Amado e contando um pouco da hist\u00f3ria e das tradi\u00e7\u00f5es de Ilh\u00e9us, a escola arrancou aplausos dos cerca de tr\u00eas mil foli\u00f5es.<br \/>\nA festa na Soares Lopes ser\u00e1 encerrada nesta ter\u00e7a-feira (21), com shows de Tonho Mat\u00e9ria, um dos puxadores de blocos de Salvador e das bandas Langerie de Patricinha, Cia. do Povo, Rhabana Smith, Badaladus e Nego &#038; Banda, com passagem na avenida pelos blocos afro, de sujo e de arrasto. Est\u00e3o na programa\u00e7\u00e3o o desfile do Gr\u00eamio Recreativo Imperadores do Samba e de bailes infantis e da saudade.<\/p>\n<p>Fotos <a href = \"https:\/\/picasaweb.google.com\/r2cpress\/CARNAVAL2012_ILHEUS\" target = \"_news\"><b>AQUI<\/b><\/a><\/p>\n","protected":false},"excerpt":{"rendered":"<p>O agito comandado nesta segunda-feira (20) pela cantora Viviane Tr\u00edpodi, de Salvador e pelas bandas Ciclone Musical, Di Bali, Pagojan e Um Love a Mais, demorou para que o p\u00fablico regional deixasse a avenida Soares Lopes. A cada passagem dos trios, sempre acompanhada por blocos de arrasto e de sujo, uma multid\u00e3o se encarregava de [&hellip;]<\/p>\n","protected":false},"author":2,"featured_media":0,"comment_status":"open","ping_status":"open","sticky":false,"template":"","format":"standard","meta":{"_links_to":"","_links_to_target":""},"categories":[23],"tags":[],"_links":{"self":[{"href":"https:\/\/www.r2cpress.com.br\/v1\/wp-json\/wp\/v2\/posts\/36704"}],"collection":[{"href":"https:\/\/www.r2cpress.com.br\/v1\/wp-json\/wp\/v2\/posts"}],"about":[{"href":"https:\/\/www.r2cpress.com.br\/v1\/wp-json\/wp\/v2\/types\/post"}],"author":[{"embeddable":true,"href":"https:\/\/www.r2cpress.com.br\/v1\/wp-json\/wp\/v2\/users\/2"}],"replies":[{"embeddable":true,"href":"https:\/\/www.r2cpress.com.br\/v1\/wp-json\/wp\/v2\/comments?post=36704"}],"version-history":[{"count":5,"href":"https:\/\/www.r2cpress.com.br\/v1\/wp-json\/wp\/v2\/posts\/36704\/revisions"}],"predecessor-version":[{"id":36709,"href":"https:\/\/www.r2cpress.com.br\/v1\/wp-json\/wp\/v2\/posts\/36704\/revisions\/36709"}],"wp:attachment":[{"href":"https:\/\/www.r2cpress.com.br\/v1\/wp-json\/wp\/v2\/media?parent=36704"}],"wp:term":[{"taxonomy":"category","embeddable":true,"href":"https:\/\/www.r2cpress.com.br\/v1\/wp-json\/wp\/v2\/categories?post=36704"},{"taxonomy":"post_tag","embeddable":true,"href":"https:\/\/www.r2cpress.com.br\/v1\/wp-json\/wp\/v2\/tags?post=36704"}],"curies":[{"name":"wp","href":"https:\/\/api.w.org\/{rel}","templated":true}]}}