{"id":36732,"date":"2012-02-21T13:47:17","date_gmt":"2012-02-21T15:47:17","guid":{"rendered":"http:\/\/www.r2cpress.com.br\/v1\/?p=36732"},"modified":"2012-02-21T13:47:53","modified_gmt":"2012-02-21T15:47:53","slug":"36732","status":"publish","type":"post","link":"https:\/\/www.r2cpress.com.br\/v1\/2012\/02\/21\/36732\/","title":{"rendered":"Carnaval de Salvador registra mais de 200 cirurgias de faces, mand\u00edbulas e nariz"},"content":{"rendered":"<div id=\"texto\">\n<div>\n<ul>\n<\/ul>\n<ul>\n<li>\n<p style=\"text-align: left;\">Angelo Pontes\/UOL<\/p>\n<p><img loading=\"lazy\" class=\"alignleft\" title=\"Angelo Pontes\/UOL\" src=\"http:\/\/di.imguol.com\/carnaval\/2012\/02\/20\/bloco-mudanca-do-garcia-desfila-com-seu-tradicional-e-irreverente-protesto-no-circuito-campo-grande-osmar-em-salvador-1329774776022_615x300.jpg\" alt=\"Os blocos de rua n\u00e3o param no Carnaval de Salvador; cidade j\u00e1 registra mais de 200 cirurgias de faces, mand\u00edbula e nariz\" width=\"498\" height=\"243\" \/><\/li>\n<\/ul>\n<p>No <a href = \"http:\/\/carnaval.uol.com.br\/2012\/noticias\/redacao\/2012\/02\/21\/carnaval-registra-mais-de-200-cirurgias-de-faces-mandibulas-e-nariz.htm\" target = \"_news\"><b>UOL NOT\u00cdCIAS<\/b><\/a><\/p>\n<p>&nbsp;<\/p>\n<p>&nbsp;<\/p>\n<p>&nbsp;<\/p>\n<p>&nbsp;<\/p>\n<p>&nbsp;<\/p>\n<p>&nbsp;<\/p>\n<p><em>Os blocos de rua n\u00e3o param no Carnaval de Salvador; cidade j\u00e1 registra mais de 200 cirurgias de faces, mand\u00edbula e nariz<\/em><\/p>\n<ul>\n<li><a href=\"http:\/\/carnaval.uol.com.br\/2012\/noticias\/redacao\/2012\/02\/21\/folia-de-salvador-ecebe-mais-18-mil-turistas-nesta-3-feira.htm\"> Folia de Salvador recebe mais 18 mil turistas nesta 3\u00aa feira <\/a><\/li>\n<li><a href=\"http:\/\/carnaval.uol.com.br\/2012\/noticias\/redacao\/2012\/02\/20\/policia-cadastra-mais-de-4000-documentos-perdidos.htm\"> Pol\u00edcia cadastra mais de 4.000 documentos perdidos por foli\u00f5es na Bahia <\/a><\/li>\n<li><a href=\"http:\/\/carnaval.uol.com.br\/2012\/salvador\/\"> Acompanhe a cobertura completa do Carnaval de Salvador <\/a><\/li>\n<\/ul>\n<p>&nbsp;<\/p>\n<\/div>\n<p>Desde o in\u00edcio do Carnaval de Salvador, na \u00faltima quinta-feira, at\u00e9 o come\u00e7o da tarde desta ter\u00e7a-feira (21), \u00faltimo dia oficial da folia, os 13 postos de sa\u00fade da prefeitura realizaram 215 procedimentos de cirurgias na face, mand\u00edbula e nariz.<\/p>\n<p>De acordo com os m\u00e9dicos plantonistas, a maioria dos pacientes chega \u00e0s unidades depois de se envolver em brigas durante a folia.<\/p>\n<p>&nbsp;<\/p>\n<\/div>\n","protected":false},"excerpt":{"rendered":"<p>Angelo Pontes\/UOL No UOL NOT\u00cdCIAS &nbsp; &nbsp; &nbsp; &nbsp; &nbsp; &nbsp; Os blocos de rua n\u00e3o param no Carnaval de Salvador; cidade j\u00e1 registra mais de 200 cirurgias de faces, mand\u00edbula e nariz Folia de Salvador recebe mais 18 mil turistas nesta 3\u00aa feira Pol\u00edcia cadastra mais de 4.000 documentos perdidos por foli\u00f5es na Bahia [&hellip;]<\/p>\n","protected":false},"author":2,"featured_media":0,"comment_status":"open","ping_status":"open","sticky":false,"template":"","format":"standard","meta":{"_links_to":"","_links_to_target":""},"categories":[13],"tags":[],"_links":{"self":[{"href":"https:\/\/www.r2cpress.com.br\/v1\/wp-json\/wp\/v2\/posts\/36732"}],"collection":[{"href":"https:\/\/www.r2cpress.com.br\/v1\/wp-json\/wp\/v2\/posts"}],"about":[{"href":"https:\/\/www.r2cpress.com.br\/v1\/wp-json\/wp\/v2\/types\/post"}],"author":[{"embeddable":true,"href":"https:\/\/www.r2cpress.com.br\/v1\/wp-json\/wp\/v2\/users\/2"}],"replies":[{"embeddable":true,"href":"https:\/\/www.r2cpress.com.br\/v1\/wp-json\/wp\/v2\/comments?post=36732"}],"version-history":[{"count":4,"href":"https:\/\/www.r2cpress.com.br\/v1\/wp-json\/wp\/v2\/posts\/36732\/revisions"}],"predecessor-version":[{"id":36736,"href":"https:\/\/www.r2cpress.com.br\/v1\/wp-json\/wp\/v2\/posts\/36732\/revisions\/36736"}],"wp:attachment":[{"href":"https:\/\/www.r2cpress.com.br\/v1\/wp-json\/wp\/v2\/media?parent=36732"}],"wp:term":[{"taxonomy":"category","embeddable":true,"href":"https:\/\/www.r2cpress.com.br\/v1\/wp-json\/wp\/v2\/categories?post=36732"},{"taxonomy":"post_tag","embeddable":true,"href":"https:\/\/www.r2cpress.com.br\/v1\/wp-json\/wp\/v2\/tags?post=36732"}],"curies":[{"name":"wp","href":"https:\/\/api.w.org\/{rel}","templated":true}]}}