{"id":36767,"date":"2012-02-21T23:00:19","date_gmt":"2012-02-22T01:00:19","guid":{"rendered":"http:\/\/www.r2cpress.com.br\/v1\/?p=36767"},"modified":"2012-02-21T23:04:14","modified_gmt":"2012-02-22T01:04:14","slug":"jose-haroldo-e-o-cacau","status":"publish","type":"post","link":"https:\/\/www.r2cpress.com.br\/v1\/2012\/02\/21\/jose-haroldo-e-o-cacau\/","title":{"rendered":"JOS\u00c9 HAROLDO E O CACAU"},"content":{"rendered":"<p><img loading=\"lazy\" alt=\"\" src=\"http:\/\/www.r2cpress.com.br\/v1\/wp-content\/uploads\/zecarlos-r2cpress_reduzida.jpg\" class=\"alignright\" width=\"300\" height=\"207\" \/>Desta vida, Jos\u00e9 Haroldo Castro Vieira levou duas paix\u00f5es: o amor ao cacau e ao \u00f3rg\u00e3o do cacau, a CEPLAC, que ele, egresso do Banco do Brasil, instituiu no in\u00edcio dos anos 60, depois expandiu e afirmou. Essas paix\u00f5es, suscitadas e acendradas por circunst\u00e2ncias adversas, provocaram-lhe ao menos duas mortes, antes do \u00faltimo trespasse.<br \/>\nNa \u00faltima vez que nos vimos, j\u00e1 ele enfermo e magoado, confidenciou-me que, a pedido de autoridades de Bras\u00edlia, preparava um plano de fomento da cacauicultura. Seria mais uma recupera\u00e7\u00e3o da lavoura e, paralelamente, da CEPLAC. Depois que o apearam do cargo de secret\u00e1rio-geral, onde passara 16 anos, o Z\u00e9, como n\u00f3s o cham\u00e1vamos, ainda pensava no \u00f3rg\u00e3o, ainda divisava dias melhores para a sua lavoura. Deles jamais se desligara emocionalmente.<br \/>\nN\u00e3o se passa impunemente tanto tempo \u00e0 frente de uma institui\u00e7\u00e3o. Mas, no caso de Jos\u00e9 Haroldo, sua perman\u00eancia significava a certeza de renova\u00e7\u00e3o cont\u00ednua \u2013 ele que era um esp\u00edrito criativo, empreendedor. N\u00e3o nego que houvesse apego pessoal ao cargo, press\u00e3o de amigos, orgulho. Subsistia, por\u00e9m mais forte, o medo de que o \u00f3rg\u00e3o, e com ele a pol\u00edtica do cacau, se esvaziassem em m\u00e3os profanas.<br \/>\nDe fato, afastado Jos\u00e9 Haroldo, o que se viu? O imponente pr\u00e9dio-sede da institui\u00e7\u00e3o em Bras\u00edlia, constru\u00eddo com recursos da lavoura (a taxa cambial cobrada sobre o cacau vendido), foi entregue de m\u00e3o beijada a uma entidade federal. Um dos programas mais elogiados, o servi\u00e7o de extens\u00e3o rural, entrou aos poucos em colapso, com os agr\u00f4nomos trocando as enlameadas botas de campanha pelos reluzentes sapatos urbanos. Sei que o grupo vai me execrar por essa lembran\u00e7a, mas insisto em consign\u00e1-la aqui. As Emarc\u2019s, escolas de ensino m\u00e9dio de agricultura, numerosas, entraram em igual diapas\u00e3o. A CEPLAC perdia o cr\u00e9dito junto \u00e0 lavoura, agora que era manipulada por pol\u00edticos interessados apenas em votos e cargos.<br \/>\nNo entanto, o golpe maior contra a lavoura foi a decis\u00e3o de um governo militar em tirar-lhe a autonomia financeira e juntar-lhe o or\u00e7amento generoso \u00e0 vala comum dos pingados or\u00e7amentos p\u00fablicos. Tamb\u00e9m vale mencionar a press\u00e3o daquele e outros governos militares para criar novos p\u00f3los cacaueiros em regi\u00f5es inadequadas ao cultivo. Era a expans\u00e3o da fronteira da cacauicultura, com recursos dos lavradores baianos, e que teria aberto corredores, segundo opini\u00e3o de muitos, \u00e0 importa\u00e7\u00e3o da vassoura-de-bruxa.<br \/>\n<div id=\"attachment_36770\" style=\"width: 237px\" class=\"wp-caption alignright\"><a href=\"http:\/\/www.r2cpress.com.br\/v1\/wp-content\/uploads\/z\u00e9-haroldo.jpg\"><img aria-describedby=\"caption-attachment-36770\" loading=\"lazy\" src=\"http:\/\/www.r2cpress.com.br\/v1\/wp-content\/uploads\/z\u00e9-haroldo.jpg\" alt=\"\" title=\"z\u00e9 haroldo\" width=\"227\" height=\"326\" class=\"size-full wp-image-36770\" srcset=\"https:\/\/www.r2cpress.com.br\/v1\/wp-content\/uploads\/z\u00e9-haroldo.jpg 227w, https:\/\/www.r2cpress.com.br\/v1\/wp-content\/uploads\/z\u00e9-haroldo-208x300.jpg 208w\" sizes=\"(max-width: 227px) 100vw, 227px\" \/><\/a><p id=\"caption-attachment-36770\" class=\"wp-caption-text\">Jos\u00e9 Haroldo de Castro Vieira<\/p><\/div>O secret\u00e1rio-geral Jos\u00e9 Haroldo n\u00e3o resistiu. Tentou o lobby, tentou tergiversar \u2013 e cedeu. Tinha amor ao cargo, sim. Tinha orgulho de sua obra, sim. E temia, com a sua rea\u00e7\u00e3o, desagradar os pol\u00edticos e generais poderosos. Como o comandante holand\u00eas da anedota, tentaria evitar o naufr\u00e1gio e, se preciso, naufragaria com o barco. Este pecado, o da subservi\u00eancia for\u00e7ada, \u00e9 o \u00fanico que se lhe poderia imputar.<br \/>\nNo mais, um dirigente ativo, generoso \u2013 talvez generoso demais. Que o digam os mestrados e doutorados no Exterior, de que se beneficiaram alguns incompetentes. Projetos culturais se sucediam, amparo econ\u00f4mico ao Hospital Calixto Midlej Filho, pontes, estradas vicinais, a vitoriosa UESC, implantada a custo, seriam deveres de governantes \u2013 mas sa\u00edram daquela CEPLAC pioneira de Jos\u00e9 Haroldo.<br \/>\n\u00c9 natural que os pol\u00edticos profissionais olhassem o Z\u00e9 com olhos enviesados. Afinal, ele lhes roubava a partitura e a condu\u00e7\u00e3o da orquestra. Debalde o acusaram da p\u00e2ndega que se instalou no Conselho Nacional dos Produtores de Cacau. Jos\u00e9 Haroldo sabia, sofria e n\u00e3o tinha jeito a dar. A press\u00e3o sindical falava mais alto. Retirado o Z\u00e9 da CEPLAC, a contamina\u00e7\u00e3o da m\u00e1 pol\u00edtica (o PSDB do Centr\u00e3o e o PT dos xiitas) n\u00e3o tardaria a prevalecer.<br \/>\nO fato \u00e9 que, queiram ou n\u00e3o os seus advers\u00e1rios, prossiga ou cesse a pol\u00eamica, a lavoura cacaueira \u00e9 credora e como!, de Jos\u00e9 Haroldo Castro Vieira. Se lhe dessem ouvidos, j\u00e1 quando come\u00e7ava a entoar o seu de profundis, os programas atuais de recupera\u00e7\u00e3o n\u00e3o estariam t\u00e3o atrasados, nem os produtores a perder os seus bens e vender madeira para sobreviver, na tentativa da clonagem.<br \/>\nAbandonado pelos pol\u00edticos, Jos\u00e9 Haroldo h\u00e1 de ter fragilizado o cora\u00e7\u00e3o, como acontece aos rom\u00e2nticos \u2013 aos que sobrep\u00f5em o ideal a considera\u00e7\u00f5es de ordem inferior. Que v\u00e1, portanto, em paz o velho Z\u00e9, o nosso amigo Z\u00e9, com a consci\u00eancia serena dos que procuraram fazer o que lhes era poss\u00edvel.<br \/>\n<b>Mat\u00e9ria publicada no Jornal A TARDE, pelo jornalista e escritor (Academia de Letras da Bahia) H\u00c9LIO P\u00d3LVORA, por ocasi\u00e3o do falecimento de JOS\u00c9 HAROLDO CASTRO VIEIRA.<\/b><br \/>\n<b>Seu Z\u00e9 faleceu em Salvador no dia 05 de fevereiro de 2004, aos 77 anos.<\/b><\/p>\n<p><b>Z\u00c9CARLOS JUNIOR<\/b><\/p>\n","protected":false},"excerpt":{"rendered":"<p>Desta vida, Jos\u00e9 Haroldo Castro Vieira levou duas paix\u00f5es: o amor ao cacau e ao \u00f3rg\u00e3o do cacau, a CEPLAC, que ele, egresso do Banco do Brasil, instituiu no in\u00edcio dos anos 60, depois expandiu e afirmou. Essas paix\u00f5es, suscitadas e acendradas por circunst\u00e2ncias adversas, provocaram-lhe ao menos duas mortes, antes do \u00faltimo trespasse. Na [&hellip;]<\/p>\n","protected":false},"author":2,"featured_media":0,"comment_status":"open","ping_status":"open","sticky":false,"template":"","format":"standard","meta":{"_links_to":"","_links_to_target":""},"categories":[10],"tags":[],"_links":{"self":[{"href":"https:\/\/www.r2cpress.com.br\/v1\/wp-json\/wp\/v2\/posts\/36767"}],"collection":[{"href":"https:\/\/www.r2cpress.com.br\/v1\/wp-json\/wp\/v2\/posts"}],"about":[{"href":"https:\/\/www.r2cpress.com.br\/v1\/wp-json\/wp\/v2\/types\/post"}],"author":[{"embeddable":true,"href":"https:\/\/www.r2cpress.com.br\/v1\/wp-json\/wp\/v2\/users\/2"}],"replies":[{"embeddable":true,"href":"https:\/\/www.r2cpress.com.br\/v1\/wp-json\/wp\/v2\/comments?post=36767"}],"version-history":[{"count":6,"href":"https:\/\/www.r2cpress.com.br\/v1\/wp-json\/wp\/v2\/posts\/36767\/revisions"}],"predecessor-version":[{"id":36776,"href":"https:\/\/www.r2cpress.com.br\/v1\/wp-json\/wp\/v2\/posts\/36767\/revisions\/36776"}],"wp:attachment":[{"href":"https:\/\/www.r2cpress.com.br\/v1\/wp-json\/wp\/v2\/media?parent=36767"}],"wp:term":[{"taxonomy":"category","embeddable":true,"href":"https:\/\/www.r2cpress.com.br\/v1\/wp-json\/wp\/v2\/categories?post=36767"},{"taxonomy":"post_tag","embeddable":true,"href":"https:\/\/www.r2cpress.com.br\/v1\/wp-json\/wp\/v2\/tags?post=36767"}],"curies":[{"name":"wp","href":"https:\/\/api.w.org\/{rel}","templated":true}]}}