{"id":36785,"date":"2012-02-22T19:28:39","date_gmt":"2012-02-22T21:28:39","guid":{"rendered":"http:\/\/www.r2cpress.com.br\/v1\/?p=36785"},"modified":"2012-02-22T19:28:39","modified_gmt":"2012-02-22T21:28:39","slug":"a-prisao-ilegal-de-pms-na-bahia","status":"publish","type":"post","link":"https:\/\/www.r2cpress.com.br\/v1\/2012\/02\/22\/a-prisao-ilegal-de-pms-na-bahia\/","title":{"rendered":"A pris\u00e3o ilegal de PMs na Bahia"},"content":{"rendered":"<p>De: ASPRA- BA <necourucuca @hotmail.com><br \/>\nAssunto: A pris\u00e3o ilegal de PMs na Bahia<\/p>\n<p>Corpo da mensagem:<br \/>\nPedido de Pris\u00e3o Preventiva IRRESPONS\u00c1VEL e baseado em absolutamente<br \/>\nnada de concreto.<\/p>\n<p>O Promotor de Justi\u00e7a Militar e o Juiz Auditor Militar tomando por<br \/>\nbase ABSOLUTAMENTE NADA, provavelmente em conluio com os Coron\u00e9is da<br \/>\nPol\u00edcia Militar da Bahia e o Servi\u00e7o de &#8220;Intelig\u00eancia&#8221; da Secretaria<br \/>\nde &#8220;Seguran\u00e7a&#8221; P\u00fablica (isso sim, \u00e9 forma\u00e7\u00e3o de quadrilha) se<br \/>\nutilizando de artif\u00edcios dissimuladores decretaram a pris\u00e3o de d\u00fazias<br \/>\nde policiais com fulcro em nada.<br \/>\nN\u00e3o h\u00e1 nos autos uma s\u00f3 conduta concreta praticada pelos<br \/>\nindiciados\/acusados que levem a uma segrega\u00e7\u00e3o cautelar. N\u00e3o h\u00e1 uma<br \/>\nfoto ou filmagem, sequer um depoimento de forma gen\u00e9rica e evasiva que<br \/>\njustificasse a medida.<br \/>\nEnquanto o Judici\u00e1rio do Rio de Janeiro j\u00e1 determinou a libera\u00e7\u00e3o de<br \/>\numa d\u00fazia de policiais militares, o Judici\u00e1rio baiano determinou a<br \/>\nremo\u00e7\u00e3o dos Policiais para um PRES\u00cdDIO FEDERAL DE SEGURAN\u00c7A M\u00c1XIMA, em<br \/>\nMato Grosso do Sul &#8211; Campo Grande &#8211; continuando inerte e alcoolizado<br \/>\nem seus camarotes luxuosos durante o carnaval&#8230;<br \/>\nSe a Rede Globo teve acesso, todos tem o direito de saber a verdade<br \/>\nnua e crua, s\u00f3 que dessa vez sem edi\u00e7\u00f5es e fraudes, induzindo a<br \/>\nsociedade a erro. Se a Rede Globo em conluio com o Servi\u00e7o de<br \/>\n&#8220;Intelig\u00eancia&#8221; e o Governador Jaques Wagner quebraram o Segredo de<br \/>\nJusti\u00e7a, o processo agora \u00e9 p\u00fablico! (frise-se, isso, sim, \u00e9 forma\u00e7\u00e3o<br \/>\nde quadrilha!)<br \/>\nCLIQUE AQUI E Leiam o Caderno Processual e tirem suas pr\u00f3prias conclus\u00f5es<br \/>\nAfinal, o que esperar de um Promotor de Justi\u00e7a que ainda pensa que \u00e9<br \/>\nSargento do Ex\u00e9rcito ?<br \/>\nO que esperar de um cidad\u00e3o, que deveria ser o Fiscal da Lei, mas vem<br \/>\na p\u00fablico dizer que o Estatuto dos Policiais Militares (Lei<br \/>\n7.990\/2001) &#8220;APAIZANOU&#8221; a Pol\u00edcia Militar? Se &#8220;apaizanar&#8221; significa<br \/>\nHUMANIZAR, tratando como cidad\u00e3os os militares estaduais, respeitando<br \/>\ne obedecendo a Constitui\u00e7\u00e3o Federal em detrimento do RQUERO,<br \/>\ndiminuindo os arb\u00edtrios e abusos de poder perpetrados pelos Oficiais,<br \/>\nconcordo plenamente com ele.<br \/>\nDiversos Jornalistas foram demitidos por mostrar a verdade! Jornalista<br \/>\ns\u00e9rio n\u00e3o tem lado! O verdadeiro profissional de imprensa permanece do<br \/>\nlado na NOT\u00cdCIA!<br \/>\nA dan\u00e7a das Cadeiras come\u00e7ou com Uziel Bueno em 2009 no MPL, seguidos<br \/>\npor Waldeck Filho e outros Apresentadores e Radialistas demitidos em<br \/>\nFevereiro de 2012, durante o movimento paredista da PMBA, por tentarem<br \/>\nmostrar a verdade.<br \/>\nJ\u00e1 est\u00e1 mais do que na hora de toda a imprensa se unir.<br \/>\nViva a censura Branca! Viva o Demofacismo!<br \/>\nASPRA-BA &#8211; ASSOCIA\u00c7\u00c3O DE POLICIAIS E BOMBEIROS E DE SEUS FAMILIARES DO<br \/>\nESTADO DA BAHIA<\/p>\n<p>&#8212;<br \/>\nEsta mensagem foi enviada atrav\u00e9s do formul\u00e1rio de contato do site R2CPRESS | A Letra Fria da Verdade http:\/\/www.r2cpress.com.br\/v1<\/necourucuca><\/p>\n","protected":false},"excerpt":{"rendered":"<p>De: ASPRA- BA Assunto: A pris\u00e3o ilegal de PMs na Bahia Corpo da mensagem: Pedido de Pris\u00e3o Preventiva IRRESPONS\u00c1VEL e baseado em absolutamente nada de concreto. O Promotor de Justi\u00e7a Militar e o Juiz Auditor Militar tomando por base ABSOLUTAMENTE NADA, provavelmente em conluio com os Coron\u00e9is da Pol\u00edcia Militar da Bahia e o Servi\u00e7o [&hellip;]<\/p>\n","protected":false},"author":2,"featured_media":0,"comment_status":"open","ping_status":"open","sticky":false,"template":"","format":"standard","meta":{"_links_to":"","_links_to_target":""},"categories":[25],"tags":[],"_links":{"self":[{"href":"https:\/\/www.r2cpress.com.br\/v1\/wp-json\/wp\/v2\/posts\/36785"}],"collection":[{"href":"https:\/\/www.r2cpress.com.br\/v1\/wp-json\/wp\/v2\/posts"}],"about":[{"href":"https:\/\/www.r2cpress.com.br\/v1\/wp-json\/wp\/v2\/types\/post"}],"author":[{"embeddable":true,"href":"https:\/\/www.r2cpress.com.br\/v1\/wp-json\/wp\/v2\/users\/2"}],"replies":[{"embeddable":true,"href":"https:\/\/www.r2cpress.com.br\/v1\/wp-json\/wp\/v2\/comments?post=36785"}],"version-history":[{"count":2,"href":"https:\/\/www.r2cpress.com.br\/v1\/wp-json\/wp\/v2\/posts\/36785\/revisions"}],"predecessor-version":[{"id":36787,"href":"https:\/\/www.r2cpress.com.br\/v1\/wp-json\/wp\/v2\/posts\/36785\/revisions\/36787"}],"wp:attachment":[{"href":"https:\/\/www.r2cpress.com.br\/v1\/wp-json\/wp\/v2\/media?parent=36785"}],"wp:term":[{"taxonomy":"category","embeddable":true,"href":"https:\/\/www.r2cpress.com.br\/v1\/wp-json\/wp\/v2\/categories?post=36785"},{"taxonomy":"post_tag","embeddable":true,"href":"https:\/\/www.r2cpress.com.br\/v1\/wp-json\/wp\/v2\/tags?post=36785"}],"curies":[{"name":"wp","href":"https:\/\/api.w.org\/{rel}","templated":true}]}}