{"id":36788,"date":"2012-02-22T19:58:09","date_gmt":"2012-02-22T21:58:09","guid":{"rendered":"http:\/\/www.r2cpress.com.br\/v1\/?p=36788"},"modified":"2012-02-22T19:58:09","modified_gmt":"2012-02-22T21:58:09","slug":"barra-folia-atraiu-multidao-na-zona-norte-de-ilheus","status":"publish","type":"post","link":"https:\/\/www.r2cpress.com.br\/v1\/2012\/02\/22\/barra-folia-atraiu-multidao-na-zona-norte-de-ilheus\/","title":{"rendered":"BARRA FOLIA ATRAIU MULTID\u00c3O NA ZONA NORTE DE ILH\u00c9US"},"content":{"rendered":"<p>Pela primeira vez o bairro Barra de Itaipe teve um bloco organizado com seguran\u00e7a, cordeiros, dois mini-trios el\u00e9tricos e a anima\u00e7\u00e3o das bandas Jeito Moreno e Frisson.<br \/>\n<center><a href=\"http:\/\/www.r2cpress.com.br\/v1\/wp-content\/uploads\/MONT-CAPA-SITE126.jpg\"><img loading=\"lazy\" src=\"http:\/\/www.r2cpress.com.br\/v1\/wp-content\/uploads\/MONT-CAPA-SITE126.jpg\" alt=\"\" title=\"MONT CAPA SITE\" width=\"550\" height=\"594\" class=\"aligncenter size-full wp-image-36789\" srcset=\"https:\/\/www.r2cpress.com.br\/v1\/wp-content\/uploads\/MONT-CAPA-SITE126.jpg 550w, https:\/\/www.r2cpress.com.br\/v1\/wp-content\/uploads\/MONT-CAPA-SITE126-277x300.jpg 277w\" sizes=\"(max-width: 550px) 100vw, 550px\" \/><\/a><\/center><br \/>\nA folia foi organizada e patrocinada pelo empres\u00e1rio Gilmar Sodr\u00e9, que \u00e9 natural do bairro e o sempre o representou politicamente.<br \/>\nCom carro bar, muita anima\u00e7\u00e3o atr\u00e1s dos trios el\u00e9tricos a massa da barra que vestia a camisa amarela (1.500 foli\u00f5es) curtiu das 14h at\u00e9 hor\u00e1rio avan\u00e7ado da noite do dia 21, pois ap\u00f3s o percurso do bloco que circulou seu desfile pelas duas principais avenidas do bairro indo do batalh\u00e3o do Corpo de Bombeiros, fazendo a volta no Parque Infantil e voltando para o local popularmente conhecido como \u201cCominho\u201d, pr\u00f3ximo a passarela que liga a Barra de Itaipe ao S\u00e3o Miguel, a festa continuou.<br \/>\nA primeira vers\u00e3o do \u201cBarra Folia\u201d mostrou a compet\u00eancia e a import\u00e2ncia da descentraliza\u00e7\u00e3o da festa de momo, onde as fam\u00edlias e pessoas de todas as faixas et\u00e1rias puderam brincar com muita paz, harmonia e alegria, e tudo isso no bairro onde residem, salientou o empres\u00e1rio do grupo Livraria e Papelaria Gabriela, Gilmar Sodr\u00e9.<br \/>\nGilmar, o popular Likinha, confirma que com o sucesso da primeira vers\u00e3o, no pr\u00f3ximo ano o bloco ter\u00e1 uma infraestrutura ainda maior e melhor e com uma atra\u00e7\u00e3o de peso vinda da capital baiana para puxar o bloco. <\/p>\n","protected":false},"excerpt":{"rendered":"<p>Pela primeira vez o bairro Barra de Itaipe teve um bloco organizado com seguran\u00e7a, cordeiros, dois mini-trios el\u00e9tricos e a anima\u00e7\u00e3o das bandas Jeito Moreno e Frisson. A folia foi organizada e patrocinada pelo empres\u00e1rio Gilmar Sodr\u00e9, que \u00e9 natural do bairro e o sempre o representou politicamente. Com carro bar, muita anima\u00e7\u00e3o atr\u00e1s dos [&hellip;]<\/p>\n","protected":false},"author":2,"featured_media":0,"comment_status":"open","ping_status":"open","sticky":false,"template":"","format":"standard","meta":{"_links_to":"","_links_to_target":""},"categories":[14],"tags":[],"_links":{"self":[{"href":"https:\/\/www.r2cpress.com.br\/v1\/wp-json\/wp\/v2\/posts\/36788"}],"collection":[{"href":"https:\/\/www.r2cpress.com.br\/v1\/wp-json\/wp\/v2\/posts"}],"about":[{"href":"https:\/\/www.r2cpress.com.br\/v1\/wp-json\/wp\/v2\/types\/post"}],"author":[{"embeddable":true,"href":"https:\/\/www.r2cpress.com.br\/v1\/wp-json\/wp\/v2\/users\/2"}],"replies":[{"embeddable":true,"href":"https:\/\/www.r2cpress.com.br\/v1\/wp-json\/wp\/v2\/comments?post=36788"}],"version-history":[{"count":2,"href":"https:\/\/www.r2cpress.com.br\/v1\/wp-json\/wp\/v2\/posts\/36788\/revisions"}],"predecessor-version":[{"id":36791,"href":"https:\/\/www.r2cpress.com.br\/v1\/wp-json\/wp\/v2\/posts\/36788\/revisions\/36791"}],"wp:attachment":[{"href":"https:\/\/www.r2cpress.com.br\/v1\/wp-json\/wp\/v2\/media?parent=36788"}],"wp:term":[{"taxonomy":"category","embeddable":true,"href":"https:\/\/www.r2cpress.com.br\/v1\/wp-json\/wp\/v2\/categories?post=36788"},{"taxonomy":"post_tag","embeddable":true,"href":"https:\/\/www.r2cpress.com.br\/v1\/wp-json\/wp\/v2\/tags?post=36788"}],"curies":[{"name":"wp","href":"https:\/\/api.w.org\/{rel}","templated":true}]}}