{"id":3685,"date":"2010-12-03T22:03:52","date_gmt":"2010-12-04T01:03:52","guid":{"rendered":"http:\/\/www.r2cpress.com.br\/v1\/?p=3685"},"modified":"2010-12-03T22:03:52","modified_gmt":"2010-12-04T01:03:52","slug":"dilma-anuncia-palocci-carvalho-e-cardozo-no-ministerio","status":"publish","type":"post","link":"https:\/\/www.r2cpress.com.br\/v1\/2010\/12\/03\/dilma-anuncia-palocci-carvalho-e-cardozo-no-ministerio\/","title":{"rendered":"Dilma anuncia Palocci, Carvalho e Cardozo no minist\u00e9rio"},"content":{"rendered":"<p>A presidente eleita, Dilma Rousseff, anunciou hoje tr\u00eas novos ministros para compor o seu governo. Ela confirmou Antonio Palocci na Casa Civil, Gilberto Carvalho na Secretaria Geral da Presid\u00eancia e Jos\u00e9 Eduardo Cardozo no Minist\u00e9rio da Justi\u00e7a. O an\u00fancio foi feito por meio de comunicado, como ocorreu com a divulga\u00e7\u00e3o na semana passada da equipe econ\u00f4mica.<\/p>\n<p>&#8220;A presidenta eleita orientou os futuros ministros a trabalhar de forma integrada com os demais setores do governo para dar cumprimento a seu programa de desenvolvimento com distribui\u00e7\u00e3o de renda e garantia da estabilidade econ\u00f4mica&#8221;, informou o texto do comunicado da presidente eleita.<\/p>\n<p>Ag\u00eancia Estado<br \/>\nNo A TARDE ONLINE<\/p>\n","protected":false},"excerpt":{"rendered":"<p>A presidente eleita, Dilma Rousseff, anunciou hoje tr\u00eas novos ministros para compor o seu governo. Ela confirmou Antonio Palocci na Casa Civil, Gilberto Carvalho na Secretaria Geral da Presid\u00eancia e Jos\u00e9 Eduardo Cardozo no Minist\u00e9rio da Justi\u00e7a. O an\u00fancio foi feito por meio de comunicado, como ocorreu com a divulga\u00e7\u00e3o na semana passada da equipe [&hellip;]<\/p>\n","protected":false},"author":2,"featured_media":0,"comment_status":"open","ping_status":"open","sticky":false,"template":"","format":"standard","meta":{"_links_to":"","_links_to_target":""},"categories":[18],"tags":[],"_links":{"self":[{"href":"https:\/\/www.r2cpress.com.br\/v1\/wp-json\/wp\/v2\/posts\/3685"}],"collection":[{"href":"https:\/\/www.r2cpress.com.br\/v1\/wp-json\/wp\/v2\/posts"}],"about":[{"href":"https:\/\/www.r2cpress.com.br\/v1\/wp-json\/wp\/v2\/types\/post"}],"author":[{"embeddable":true,"href":"https:\/\/www.r2cpress.com.br\/v1\/wp-json\/wp\/v2\/users\/2"}],"replies":[{"embeddable":true,"href":"https:\/\/www.r2cpress.com.br\/v1\/wp-json\/wp\/v2\/comments?post=3685"}],"version-history":[{"count":2,"href":"https:\/\/www.r2cpress.com.br\/v1\/wp-json\/wp\/v2\/posts\/3685\/revisions"}],"predecessor-version":[{"id":3687,"href":"https:\/\/www.r2cpress.com.br\/v1\/wp-json\/wp\/v2\/posts\/3685\/revisions\/3687"}],"wp:attachment":[{"href":"https:\/\/www.r2cpress.com.br\/v1\/wp-json\/wp\/v2\/media?parent=3685"}],"wp:term":[{"taxonomy":"category","embeddable":true,"href":"https:\/\/www.r2cpress.com.br\/v1\/wp-json\/wp\/v2\/categories?post=3685"},{"taxonomy":"post_tag","embeddable":true,"href":"https:\/\/www.r2cpress.com.br\/v1\/wp-json\/wp\/v2\/tags?post=3685"}],"curies":[{"name":"wp","href":"https:\/\/api.w.org\/{rel}","templated":true}]}}