{"id":3688,"date":"2010-12-03T22:36:30","date_gmt":"2010-12-04T01:36:30","guid":{"rendered":"http:\/\/www.r2cpress.com.br\/v1\/?p=3688"},"modified":"2010-12-03T22:36:30","modified_gmt":"2010-12-04T01:36:30","slug":"receita-para-moralizar-a-saude-e-a-medicina","status":"publish","type":"post","link":"https:\/\/www.r2cpress.com.br\/v1\/2010\/12\/03\/receita-para-moralizar-a-saude-e-a-medicina\/","title":{"rendered":"Receita para moralizar a sa\u00fade e a medicina"},"content":{"rendered":"<p><b>Antonio Carlos Lopes<\/b><\/p>\n<p>A Ag\u00eancia Nacional de Vigil\u00e2ncia Sanit\u00e1ria (Anvisa) estabeleceu novas regras para controlar a comercializa\u00e7\u00e3o de antibi\u00f3ticos. A partir de agora, tais medicamentos s\u00f3 podem ser vendidos em farm\u00e1cias e drogarias mediante a apresenta\u00e7\u00e3o da receita de controle especial em duas vias. Ou seja, sem a prescri\u00e7\u00e3o de um profissional capacitado para tal, ningu\u00e9m mais, ao menos teoricamente, compra antibi\u00f3ticos no Brasil.<\/p>\n<p>Trata-se de uma postura firme, coerente e importante. Ao tornar mais r\u00edgidas as normas para a venda de antibi\u00f3ticos, enfrenta-se diretamente um grave problema de sa\u00fade p\u00fablica: a automedica\u00e7\u00e3o. Essa assertiva \u00e9 f\u00e1cil de ser compreendida, uma vez que qualquer prescri\u00e7\u00e3o m\u00e9dica exige diagn\u00f3stico. Para isso, o \u00fanico com compet\u00eancia legal, t\u00e9cnica e cientifica, \u00e9 o profissional de medicina.<\/p>\n<p>\u00c9 imperativo que regras r\u00edgidas tamb\u00e9m sejam estendidas \u00e0 maioria dos medicamentos em que a prescri\u00e7\u00e3o \u00e9 imprescind\u00edvel. No Brasil, principalmente em lugares mais afastados e em \u00e1reas de dif\u00edcil acesso, prevalece a automedica\u00e7\u00e3o, ou a prescri\u00e7\u00e3o a por quem n\u00e3o tem compet\u00eancia para tal.<\/p>\n<p> <!--more--><\/p>\n<p>Essa prescri\u00e7\u00e3o (desculpe a necess\u00e1ria redund\u00e2ncia) \u00e9 o ponto final do atendimento m\u00e9dico. \u00c9 o caminho para restabelecer a sa\u00fade do paciente o mais rapidamente poss\u00edvel, sem complica\u00e7\u00f5es imediatas e\/ou tardias. Depreende-se, portanto, que a normativa da Anvisa compromete o Sistema \u00danico de Sa\u00fade (SUS) a disponibilizar assist\u00eancia r\u00e1pida e eficaz aos cidad\u00e3os,  com a realiza\u00e7\u00e3o de exames subsidi\u00e1rios em tempo h\u00e1bil e n\u00e3o como ocorre atualmente, onde impera, muitas vezes, o descaso de gestores com a sa\u00fade.<\/p>\n<p>Se a Anvisa demonstra preocupa\u00e7\u00e3o e compromisso p\u00fablico, o mesmo infelizmente n\u00e3o se d\u00e1 com as autoridades que deveriam se empenhar na resolutividade dos problemas m\u00e9dicos da popula\u00e7\u00e3o. A dengue, por exemplo, encontra nessa \u00e9poca momento prop\u00edcio para tornar-se uma epidemia, j\u00e1 que n\u00e3o est\u00e1 sendo enfrentada devidamente. Outra constata\u00e7\u00e3o alarmante: meses atr\u00e1s, a campanha contra a gripe su\u00edna foi uma mera busca por holofotes para, no fundo, encobrir a inefici\u00eancia do Minist\u00e9rio da Sa\u00fade.<\/p>\n<p>Parte do caos \u00e9 reflexo direto da interfer\u00eancia incompetente no curr\u00edculo m\u00e9dico de bachar\u00e9is em medicina que nada sabem, de fato, de medicina. Foram eles que lan\u00e7aram o famoso jarg\u00e3o \u201cformar m\u00e9dicos para o SUS\u201d. Ora, isso n\u00e3o existe. M\u00e9dico \u00e9 m\u00e9dico, deve estar bem formado para atender tanto \u00e0queles com menos recursos, que mais frequentemente procuram o sistema p\u00fablico, como aos mais abastados, que recorrem aos planos de sa\u00fade ou consultas particulares.<\/p>\n<p>\u00c0 semelhan\u00e7a da Anvisa, com coer\u00eancia e atitude, deveriam esses senhores se preocupar com quest\u00f5es que podem qualificar a assist\u00eancia. Por exemplo, plano de carreira para m\u00e9dicos e profissionais de sa\u00fade, pol\u00edticas para fixar os m\u00e9dicos em regi\u00f5es de dif\u00edcil acesso, melhorar o Sistema \u00danico de Sa\u00fade, parar de usar o residente como m\u00e3o de obra barata, entre outras a\u00e7\u00f5es.<\/p>\n<p>A classe m\u00e9dica luta pelo resgate do SUS, lamentavelmente sem ser ouvida. O que precisamos \u00e9 que m\u00e9dicos competentes sejam chamados para opinar e organizar o Sistema \u00danico de Sa\u00fade, e n\u00e3o deix\u00e1-lo na m\u00e3o de tecnocratas cuja presen\u00e7a em cargos importantes s\u00f3 se d\u00e1 por amizade ou confraria.<\/p>\n<p><em><strong>Antonio Carlos Lopes, presidente da Sociedade Brasileira de Cl\u00ednica M\u00e9dica <\/strong><\/em><\/p>\n","protected":false},"excerpt":{"rendered":"<p>Antonio Carlos Lopes A Ag\u00eancia Nacional de Vigil\u00e2ncia Sanit\u00e1ria (Anvisa) estabeleceu novas regras para controlar a comercializa\u00e7\u00e3o de antibi\u00f3ticos. A partir de agora, tais medicamentos s\u00f3 podem ser vendidos em farm\u00e1cias e drogarias mediante a apresenta\u00e7\u00e3o da receita de controle especial em duas vias. Ou seja, sem a prescri\u00e7\u00e3o de um profissional capacitado para tal, [&hellip;]<\/p>\n","protected":false},"author":2,"featured_media":0,"comment_status":"open","ping_status":"open","sticky":false,"template":"","format":"standard","meta":{"_links_to":"","_links_to_target":""},"categories":[24],"tags":[],"_links":{"self":[{"href":"https:\/\/www.r2cpress.com.br\/v1\/wp-json\/wp\/v2\/posts\/3688"}],"collection":[{"href":"https:\/\/www.r2cpress.com.br\/v1\/wp-json\/wp\/v2\/posts"}],"about":[{"href":"https:\/\/www.r2cpress.com.br\/v1\/wp-json\/wp\/v2\/types\/post"}],"author":[{"embeddable":true,"href":"https:\/\/www.r2cpress.com.br\/v1\/wp-json\/wp\/v2\/users\/2"}],"replies":[{"embeddable":true,"href":"https:\/\/www.r2cpress.com.br\/v1\/wp-json\/wp\/v2\/comments?post=3688"}],"version-history":[{"count":2,"href":"https:\/\/www.r2cpress.com.br\/v1\/wp-json\/wp\/v2\/posts\/3688\/revisions"}],"predecessor-version":[{"id":3690,"href":"https:\/\/www.r2cpress.com.br\/v1\/wp-json\/wp\/v2\/posts\/3688\/revisions\/3690"}],"wp:attachment":[{"href":"https:\/\/www.r2cpress.com.br\/v1\/wp-json\/wp\/v2\/media?parent=3688"}],"wp:term":[{"taxonomy":"category","embeddable":true,"href":"https:\/\/www.r2cpress.com.br\/v1\/wp-json\/wp\/v2\/categories?post=3688"},{"taxonomy":"post_tag","embeddable":true,"href":"https:\/\/www.r2cpress.com.br\/v1\/wp-json\/wp\/v2\/tags?post=3688"}],"curies":[{"name":"wp","href":"https:\/\/api.w.org\/{rel}","templated":true}]}}