{"id":3712,"date":"2010-12-04T06:50:10","date_gmt":"2010-12-04T09:50:10","guid":{"rendered":"http:\/\/www.r2cpress.com.br\/v1\/?p=3712"},"modified":"2010-12-04T06:50:10","modified_gmt":"2010-12-04T09:50:10","slug":"fieis-celebram-santa-barbara-com-tradicional-procissao-e-missa-festiva","status":"publish","type":"post","link":"https:\/\/www.r2cpress.com.br\/v1\/2010\/12\/04\/fieis-celebram-santa-barbara-com-tradicional-procissao-e-missa-festiva\/","title":{"rendered":"Fi\u00e9is celebram Santa B\u00e1rbara com tradicional prociss\u00e3o e missa festiva"},"content":{"rendered":"<p><center><div style=\"width: 365px\" class=\"wp-caption alignnone\"><img loading=\"lazy\" alt=\"Maria de Lourdes Miranda e a equipe que prepara o caruru de Santa B\u00e1rbara (Foto: Gildo Lima\/Ag\u00eancia A TARDE)\" src=\"http:\/\/www.atarde.com.br\/arquivos\/2010\/12\/207947.jpg\" title=\"Maria de Lourdes Miranda e a equipe que prepara o caruru de Santa B\u00e1rbara (Foto: Gildo Lima\/Ag\u00eancia A TARDE)\" width=\"355\" height=\"250\" \/><p class=\"wp-caption-text\">Maria de Lourdes Miranda e a equipe que prepara o caruru de Santa B\u00e1rbara (Foto: Gildo Lima\/Ag\u00eancia A TARDE)<\/p><\/div><\/center>A for\u00e7a \u00e9 caracter\u00edstica comum das homenageadas neste s\u00e1bado, 4: a santa cat\u00f3lica B\u00e1rbara ou Ians\u00e3, do candombl\u00e9 ketu, ou Bamburucema do angola. A festa cresce a cada ano e se trata da primeira manifesta\u00e7\u00e3o religiosa a ser registrada como patrim\u00f4nio imaterial da Bahia. Mesmo n\u00e3o fazendo parte do calend\u00e1rio lit\u00fargico cat\u00f3lico oficial \u2013 a reforma de 1970  tornou-a opcional \u2013  a manifesta\u00e7\u00e3o persiste com grande participa\u00e7\u00e3o popular.<\/p>\n<p>\u201cB\u00e1rbara \u00e9 exemplo de for\u00e7a ao lutar pela sua f\u00e9. Brigou pela liberdade de seguir o caminho de Deus\u201d, disse frei Jorge Rocha, especialista em catolicismo popular e professor da Ucsal.<\/p>\n<p>O candombl\u00e9 fez a associa\u00e7\u00e3o entre Santa B\u00e1rbara e Ians\u00e3. \u201cTamb\u00e9m tem o dom\u00ednio do fogo. \u00c9 a mulher indom\u00e1vel, guerreira e que briga pelo que quer, por quem protege\u201d, explicou o Tata de inquice Mut\u00e1 Im\u00ea sobre Ians\u00e3.<\/p>\n<p><!--more--><\/p>\n<p>O tr\u00edduo em louvor \u00e0 santa cat\u00f3lica, na igreja da Ordem 3\u00aa do Carmo, teve como tema \u201cA devo\u00e7\u00e3o \u00e0 Santa B\u00e1rbara, filha de Nossa Senhora do Ros\u00e1rio, nesses 325 anos de f\u00e9 e resist\u00eancia\u201d.<\/p>\n<p>Pelo mercado que leva o nome da santa, localizado na Baixa dos Sapateiros e aberto desde \u00e0s 6 horas, devem passar 12 mil pessoas at\u00e9 o final do dia. O caruru com 8 mil quiabos ser\u00e1 servido por volta das 12h30, depois que a prociss\u00e3o passar por l\u00e1.<\/p>\n<p>E mais uma vez a administra\u00e7\u00e3o do local reclama do fato de a imagem da santa n\u00e3o percorrer o interior do mercado durante a prociss\u00e3o. \u201cAntes da reforma do mercado, a imagem ficava aqui e agora a  Irmandade n\u00e3o quer\u201d, reclamou a ialorix\u00e1 Alice Pereira Silva, do Terreiro de Boiadeiro, coordenadora da festa.<\/p>\n<p>Evitar tumulto \u00e9 o argumento usado pela Irmandade dos Homens Pretos, da Vener\u00e1vel Ordem 3\u00aa do Ros\u00e1rio de Nossa Senhora \u00e0s Portas do Carmo. \u201cDepois da reforma, o espa\u00e7o ficou estreito. Temos receio de que, no af\u00e3 dos fi\u00e9is em chegar perto da imagem, ocorra algum problema\u201d, explicou o prior J\u00falio Soares.<\/p>\n<p>Roteiro da Festa de Santa B\u00e1rbara<\/p>\n<p>5h30 &#8211; Alvorada de fogos no Centro Hist\u00f3rico<\/p>\n<p>8 horas &#8211; Missa festiva no Largo do Pelourinho. Logo ap\u00f3s, a prociss\u00e3o  segue pelas ruas do Pelourinho, passa pela sede do Corpo de Bombeiros, pelo Mercado de S\u00e3o Miguel para deixar a imagem da santa e  faz mais uma parada na entrada do Mercado de Santa B\u00e1rbara<\/p>\n<p>14 \u00e0s 17 horas &#8211; Apresenta\u00e7\u00f5es de Swing do Pel\u00f4, Meninos do Pel\u00f4, Meninos da Rocinha, Tambores e Cores, Maracatu Acasa, Os Bonec\u00f5es e Band\u00e3o Jurema<\/p>\n<p>14 \u00e0s 20 horas &#8211; No Largo do Pelourinho, Jorginho Comancheiro (14 \u00e0s 15h30);  Grupo Botiquim (16 \u00e0s 17h30);  Will Carvalho (18 \u00e0s 20h); Cortejo Afro (21 horas)<\/p>\n<p>Largo Tereza Batista &#8211; Filhos de Marujo (18 \u00e0s 19h30); Repique de Korte (20 \u00e0s 22h)<\/p>\n<p>Pra\u00e7a do Reggae &#8211; Apresentam-se Aspiral do Reggae e Kamaphew Tawa (18 \u00e0s 19h30); Gil F\u00e9lix e Banda Passo (20 \u00e0s 22h)<\/p>\n<p>Terreiro de Jesus &#8211; Acontecem shows da Band\u2019afro Detona (14 \u00e0s 15h30); Na Varanda (16 \u00e0s 17h30); Catadinho do Samba (18 \u00e0s 20h)<\/p>\n<p>Largo Pedro Archanjo &#8211; Mal\u00ea de Bal\u00ea (18 \u00e0s 19h30); Filosofia de Quintal (20 \u00e0s 22h)<\/p>\n<p>Largo Quincas Berro d\u2019\u00c1gua &#8211; Shows da banda Ijex\u00e1 da Bahia (18 \u00e0s 19h30)  e de Cl\u00e9cia Queiroz (20 \u00e0s 22 horas) <\/p>\n<p>&#8212;<br \/>\nMeire Oliveira l <a href = \"http:\/\/atarde.com.br\/cidades\/noticia.jsf?id=5658636\" target = \"_news\"><b>A TARDE<\/b><\/a><\/p>\n","protected":false},"excerpt":{"rendered":"<p>A for\u00e7a \u00e9 caracter\u00edstica comum das homenageadas neste s\u00e1bado, 4: a santa cat\u00f3lica B\u00e1rbara ou Ians\u00e3, do candombl\u00e9 ketu, ou Bamburucema do angola. A festa cresce a cada ano e se trata da primeira manifesta\u00e7\u00e3o religiosa a ser registrada como patrim\u00f4nio imaterial da Bahia. Mesmo n\u00e3o fazendo parte do calend\u00e1rio lit\u00fargico cat\u00f3lico oficial \u2013 a [&hellip;]<\/p>\n","protected":false},"author":2,"featured_media":0,"comment_status":"open","ping_status":"open","sticky":false,"template":"","format":"standard","meta":{"_links_to":"","_links_to_target":""},"categories":[13],"tags":[],"_links":{"self":[{"href":"https:\/\/www.r2cpress.com.br\/v1\/wp-json\/wp\/v2\/posts\/3712"}],"collection":[{"href":"https:\/\/www.r2cpress.com.br\/v1\/wp-json\/wp\/v2\/posts"}],"about":[{"href":"https:\/\/www.r2cpress.com.br\/v1\/wp-json\/wp\/v2\/types\/post"}],"author":[{"embeddable":true,"href":"https:\/\/www.r2cpress.com.br\/v1\/wp-json\/wp\/v2\/users\/2"}],"replies":[{"embeddable":true,"href":"https:\/\/www.r2cpress.com.br\/v1\/wp-json\/wp\/v2\/comments?post=3712"}],"version-history":[{"count":3,"href":"https:\/\/www.r2cpress.com.br\/v1\/wp-json\/wp\/v2\/posts\/3712\/revisions"}],"predecessor-version":[{"id":3715,"href":"https:\/\/www.r2cpress.com.br\/v1\/wp-json\/wp\/v2\/posts\/3712\/revisions\/3715"}],"wp:attachment":[{"href":"https:\/\/www.r2cpress.com.br\/v1\/wp-json\/wp\/v2\/media?parent=3712"}],"wp:term":[{"taxonomy":"category","embeddable":true,"href":"https:\/\/www.r2cpress.com.br\/v1\/wp-json\/wp\/v2\/categories?post=3712"},{"taxonomy":"post_tag","embeddable":true,"href":"https:\/\/www.r2cpress.com.br\/v1\/wp-json\/wp\/v2\/tags?post=3712"}],"curies":[{"name":"wp","href":"https:\/\/api.w.org\/{rel}","templated":true}]}}