{"id":3721,"date":"2010-12-04T08:30:16","date_gmt":"2010-12-04T11:30:16","guid":{"rendered":"http:\/\/www.r2cpress.com.br\/v1\/?p=3721"},"modified":"2010-12-04T08:30:16","modified_gmt":"2010-12-04T11:30:16","slug":"apos-retirada-de-ossadas-busca-por-desaparecidos-politicos-e-interrompida-em-sao-paulo","status":"publish","type":"post","link":"https:\/\/www.r2cpress.com.br\/v1\/2010\/12\/04\/apos-retirada-de-ossadas-busca-por-desaparecidos-politicos-e-interrompida-em-sao-paulo\/","title":{"rendered":"Ap\u00f3s retirada de ossadas, busca por desaparecidos pol\u00edticos \u00e9 interrompida em S\u00e3o Paulo"},"content":{"rendered":"<p><strong>S\u00e3o Paulo <\/strong>&#8211; Foram interrompidas hoje (3), no Cemit\u00e9rio da Vila Formosa, zona leste da capital paulista, as buscas por restos mortais de desaparecidos pol\u00edticos do per\u00edodo da ditadura militar (1964-1985). Entre as ossadas achadas at\u00e9 o momento pode estar a do militante da A\u00e7\u00e3o Nacional Libertadora (ALN) S\u00e9rgio Correia.<\/p>\n<p>Na busca, foi encontrado um grande n\u00famero de ossadas no fundo de uma sepultura irregular. Os despojos foram jogados soltos em um oss\u00e1rio clandestino, de restos mortais de pessoas cujas fam\u00edlias n\u00e3o puderam pagar pelos t\u00famulos individuais. S\u00e3o quase 2 mil sacos pl\u00e1sticos contendo ossadas que se fragmentaram ao longo de duas d\u00e9cadas.<\/p>\n<p>No in\u00edcio dos trabalhos, na primeira quinzena de novembro, a Procuradoria Regional da Rep\u00fablica acreditava que poderiam sido enterrados no Cemit\u00e9rio da Vila Formosa os restos mortais de dez desaparecidos: Ant\u00f4nio Lucena, Joelson Crispin, Ant\u00f4nio dos Tr\u00eas Reis Oliveira, Alceri Gomes da Silva, Jos\u00e9 Ferreira de Ara\u00fajo, Edson Quaresma, Roberto Macarin, Devanir Jos\u00e9 de Carvalho, S\u00e9rgio Corr\u00eaa e Virg\u00edlio Gomes da Silva.<\/p>\n<p><!--more--><\/p>\n<p>A procuradora Eug\u00eania Augusta Gonzaga, que acompanhou o trabalho da per\u00edcia, acredita que ser\u00e3o encontrados restos mortais de desaparecidos pol\u00edticos, apesar das dificuldades de identifica\u00e7\u00e3o. \u201cTem liga\u00e7\u00e3o, porque esse cemit\u00e9rio, junto com o [Cemit\u00e9rio] de Perus, sofreu uma descaracteriza\u00e7\u00e3o em 1975. Nessa \u00e9poca, foi feita a vala de Perus, tamb\u00e9m fruto da limpeza de quadras, com o objetivo de ocultar os cad\u00e1veres de desaparecidos pol\u00edticos\u201d.<\/p>\n<p>A suposta ossada do militante da ALN S\u00e9rgio Correia foi encontrada em uma sepultura separada, mas reutilizada diversas vezes ao longo dos anos. O estado de conserva\u00e7\u00e3o dos ossos, segundo a procuradora, \u201cconfere com os relatos de que o S\u00e9rgio Corr\u00eaa morreu em uma explos\u00e3o de bomba\u201d.<\/p>\n<p>O local foi achado com base em pesquisas nos livros de registro do cemit\u00e9rio. Usando as mesmas informa\u00e7\u00f5es, os peritos esperam precisar, nos pr\u00f3ximos meses, o lugar onde foi enterrado Vig\u00edlio Gomes da Silva, l\u00edder sindical que comandou o sequestro do embaixador americano Charles Elbric. De acordo com a procuradora, a previs\u00e3o \u00e9 que as escava\u00e7\u00f5es sejam retomadas em fevereiro do ano que vem.<\/p>\n<p>As buscas s\u00e3o conduzidas pelo Minist\u00e9rio P\u00fablico Federal em S\u00e3o Paulo, pela Comiss\u00e3o Especial sobre Mortos e Desaparecidos Pol\u00edticos da Secretaria de Direitos Humanos da Presid\u00eancia da Rep\u00fablica, pelo Instituto Nacional de Criminal\u00edstica da Pol\u00edcia Federal e pelo Instituto M\u00e9dico-Legal (IML) de S\u00e3o Paulo.<\/p>\n<p>&#8212;<br \/>\nDaniel Mello<br \/>\nRep\u00f3rter da <a href = \"http:\/\/agenciabrasil.ebc.com.br\/home;jsessionid=A8964B004FCDE446B6445AC1CB42886D?p_p_id=56&#038;p_p_lifecycle=0&#038;p_p_state=maximized&#038;p_p_mode=view&#038;p_p_col_id=column-2&#038;p_p_col_pos=2&#038;p_p_col_count=3&#038;_56_groupId=19523&#038;_56_articleId=1115035\" target = \"_news\"><b>Ag\u00eancia Brasil<\/b><\/a><br \/>\nEdi\u00e7\u00e3o: Vinicius Doria<\/p>\n","protected":false},"excerpt":{"rendered":"<p>S\u00e3o Paulo &#8211; Foram interrompidas hoje (3), no Cemit\u00e9rio da Vila Formosa, zona leste da capital paulista, as buscas por restos mortais de desaparecidos pol\u00edticos do per\u00edodo da ditadura militar (1964-1985). Entre as ossadas achadas at\u00e9 o momento pode estar a do militante da A\u00e7\u00e3o Nacional Libertadora (ALN) S\u00e9rgio Correia. Na busca, foi encontrado um [&hellip;]<\/p>\n","protected":false},"author":2,"featured_media":0,"comment_status":"open","ping_status":"open","sticky":false,"template":"","format":"standard","meta":{"_links_to":"","_links_to_target":""},"categories":[18],"tags":[],"_links":{"self":[{"href":"https:\/\/www.r2cpress.com.br\/v1\/wp-json\/wp\/v2\/posts\/3721"}],"collection":[{"href":"https:\/\/www.r2cpress.com.br\/v1\/wp-json\/wp\/v2\/posts"}],"about":[{"href":"https:\/\/www.r2cpress.com.br\/v1\/wp-json\/wp\/v2\/types\/post"}],"author":[{"embeddable":true,"href":"https:\/\/www.r2cpress.com.br\/v1\/wp-json\/wp\/v2\/users\/2"}],"replies":[{"embeddable":true,"href":"https:\/\/www.r2cpress.com.br\/v1\/wp-json\/wp\/v2\/comments?post=3721"}],"version-history":[{"count":2,"href":"https:\/\/www.r2cpress.com.br\/v1\/wp-json\/wp\/v2\/posts\/3721\/revisions"}],"predecessor-version":[{"id":3723,"href":"https:\/\/www.r2cpress.com.br\/v1\/wp-json\/wp\/v2\/posts\/3721\/revisions\/3723"}],"wp:attachment":[{"href":"https:\/\/www.r2cpress.com.br\/v1\/wp-json\/wp\/v2\/media?parent=3721"}],"wp:term":[{"taxonomy":"category","embeddable":true,"href":"https:\/\/www.r2cpress.com.br\/v1\/wp-json\/wp\/v2\/categories?post=3721"},{"taxonomy":"post_tag","embeddable":true,"href":"https:\/\/www.r2cpress.com.br\/v1\/wp-json\/wp\/v2\/tags?post=3721"}],"curies":[{"name":"wp","href":"https:\/\/api.w.org\/{rel}","templated":true}]}}