{"id":37294,"date":"2012-03-18T21:07:06","date_gmt":"2012-03-19T00:07:06","guid":{"rendered":"http:\/\/www.r2cpress.com.br\/v1\/?p=37294"},"modified":"2012-03-18T21:07:06","modified_gmt":"2012-03-19T00:07:06","slug":"concurso-cidade-baiana-da-cultura-abre-inscricoes-nesta-segunda-feira","status":"publish","type":"post","link":"https:\/\/www.r2cpress.com.br\/v1\/2012\/03\/18\/concurso-cidade-baiana-da-cultura-abre-inscricoes-nesta-segunda-feira\/","title":{"rendered":"Concurso Cidade Baiana da Cultura abre inscri\u00e7\u00f5es nesta segunda-feira"},"content":{"rendered":"<div>\n<p><abbr><\/abbr>Inscri\u00e7\u00f5es para o concursopodem ser feitas at\u00e9 o dia 30 de abril.<\/p>\n<\/div>\n<div>\n<h2>Cidades devem defender a import\u00e2ncia da sua cultura para o estado.<\/h2>\n<\/div>\n<div>\u00a0Do G1 BA<\/div>\n<div>\n<div data-action=\"recommend\" data-send=\"false\" data-layout=\"button_count\" data-show-faces=\"false\"><\/div>\n<div><\/div>\n<\/div>\n<div><img loading=\"lazy\" class=\"alignright\" title=\"mascarado de maragojipe (Foto: Egi Santana\/G1)\" src=\"http:\/\/s.glbimg.com\/jo\/g1\/f\/378x0\/2011\/11\/06\/mascarado_de_maragojipe_2.jpg\" alt=\"mascarado de maragojipe (Foto: Egi Santana\/G1)\" width=\"299\" height=\"188\" \/><strong><em>Virada Cultural em Maragojipe teve apoio em<br \/>\ndecorr\u00eancia de vit\u00f3ria no concurso de 2011<br \/>\n(Foto: Egi Santana\/G1)<\/em><\/strong><\/div>\n<p>Os munic\u00edpios baianos interessados em participar do concurso Cidade Baiana da Cultura podem se inscrever a partir desta segunda-feira (19), no<a href=\"http:\/\/mundoexpo.com.br\/cidadebaianadacultura\/\" target=\"_blank\"> site<\/a> do evento. Na p\u00e1gina \u00e9 poss\u00edvel baixar o formul\u00e1rio, acessar o regulamento, bem como a rela\u00e7\u00e3o dos documentos exigidos.<\/p>\n<p>As cidades participantes devem defender a import\u00e2ncia da sua cultura para o estado, destacando seus diferenciais. Entre os itens solicitados pelo concurso est\u00e3o a programa\u00e7\u00e3o de cultura de cada localidade, al\u00e9m da descri\u00e7\u00e3o dos principais esfor\u00e7os para preserva\u00e7\u00e3o de identidade, valoriza\u00e7\u00e3o do patrim\u00f4nio e participa\u00e7\u00e3o social.<\/p>\n<p>O vencedor do concurso recebe apoio na produ\u00e7\u00e3o e comunica\u00e7\u00e3o das atividades promovidas de junho de 2012 at\u00e9 o Carnaval de 2013. Em 2011, Maragojipe, no Rec\u00f4ncavo Baiano, venceu o concurso. Festas de S\u00e3o Roque e S\u00e3o Bartolomeu, al\u00e9m da primeira <a href=\"http:\/\/g1.globo.com\/bahia\/noticia\/2011\/11\/primeiro-dia-de-virada-cultural-animou-publico-em-maragojipe-ba.html\">Virada Cultural da Bahia<\/a> est\u00e3o entre os eventos que contaram com o apoio das Secretarias de Cultura e de Turismo do Estado, em decorr\u00eancia do concurso.<\/p>\n<p>As inscri\u00e7\u00f5es para o concurso Cidade Baiana da Cultura podem ser feitas at\u00e9 o dia 30 de abril. Mais informa\u00e7\u00f5es podem ser obtidas pelo telefone (71) 3506-4268.<\/p>\n","protected":false},"excerpt":{"rendered":"<p>Inscri\u00e7\u00f5es para o concursopodem ser feitas at\u00e9 o dia 30 de abril. Cidades devem defender a import\u00e2ncia da sua cultura para o estado. \u00a0Do G1 BA Virada Cultural em Maragojipe teve apoio em decorr\u00eancia de vit\u00f3ria no concurso de 2011 (Foto: Egi Santana\/G1) Os munic\u00edpios baianos interessados em participar do concurso Cidade Baiana da Cultura [&hellip;]<\/p>\n","protected":false},"author":2,"featured_media":0,"comment_status":"open","ping_status":"open","sticky":false,"template":"","format":"standard","meta":{"_links_to":"","_links_to_target":""},"categories":[5],"tags":[],"_links":{"self":[{"href":"https:\/\/www.r2cpress.com.br\/v1\/wp-json\/wp\/v2\/posts\/37294"}],"collection":[{"href":"https:\/\/www.r2cpress.com.br\/v1\/wp-json\/wp\/v2\/posts"}],"about":[{"href":"https:\/\/www.r2cpress.com.br\/v1\/wp-json\/wp\/v2\/types\/post"}],"author":[{"embeddable":true,"href":"https:\/\/www.r2cpress.com.br\/v1\/wp-json\/wp\/v2\/users\/2"}],"replies":[{"embeddable":true,"href":"https:\/\/www.r2cpress.com.br\/v1\/wp-json\/wp\/v2\/comments?post=37294"}],"version-history":[{"count":4,"href":"https:\/\/www.r2cpress.com.br\/v1\/wp-json\/wp\/v2\/posts\/37294\/revisions"}],"predecessor-version":[{"id":37298,"href":"https:\/\/www.r2cpress.com.br\/v1\/wp-json\/wp\/v2\/posts\/37294\/revisions\/37298"}],"wp:attachment":[{"href":"https:\/\/www.r2cpress.com.br\/v1\/wp-json\/wp\/v2\/media?parent=37294"}],"wp:term":[{"taxonomy":"category","embeddable":true,"href":"https:\/\/www.r2cpress.com.br\/v1\/wp-json\/wp\/v2\/categories?post=37294"},{"taxonomy":"post_tag","embeddable":true,"href":"https:\/\/www.r2cpress.com.br\/v1\/wp-json\/wp\/v2\/tags?post=37294"}],"curies":[{"name":"wp","href":"https:\/\/api.w.org\/{rel}","templated":true}]}}