{"id":37361,"date":"2012-03-20T08:10:27","date_gmt":"2012-03-20T11:10:27","guid":{"rendered":"http:\/\/www.r2cpress.com.br\/v1\/?p=37361"},"modified":"2012-03-20T08:10:27","modified_gmt":"2012-03-20T11:10:27","slug":"remedios-vao-ficar-ate-585-mais-caros","status":"publish","type":"post","link":"https:\/\/www.r2cpress.com.br\/v1\/2012\/03\/20\/remedios-vao-ficar-ate-585-mais-caros\/","title":{"rendered":"Rem\u00e9dios v\u00e3o ficar at\u00e9 5,85% mais caros"},"content":{"rendered":"<p>O governo autorizou, nesta segunda,20, um reajuste entre 2,80% e 5,85% nos medicamentos que t\u00eam pre\u00e7os controlados. O aumento passa a vigorar a partir do dia 31 de mar\u00e7o e foi calculado com base no comportamento da infla\u00e7\u00e3o no ano passado e tamb\u00e9m nos ganhos de produtividade que os laborat\u00f3rios tiveram neste per\u00edodo. Pela primeira vez, por\u00e9m, o governo determinou a redu\u00e7\u00e3o de 0,25% do pre\u00e7o de quase 9 mil medicamentos, como a ritalina (tratamento do d\u00e9ficit de aten\u00e7\u00e3o), stelara (psir\u00edase), o AZT (tratamento de Aids), o antirretroviral Kaleta e os famosos Buscopan, Tandrilax e Dorflex. (Confira a lista completa dos novos pre\u00e7os aqui &#8211; arquivo em PDF).<\/p>\n<p>O secret\u00e1rio-executivo da C\u00e2mara de Regula\u00e7\u00e3o do Mercado de Medicamentos (Cmed), Ivo Bucaresky, explicou que isso s\u00f3 foi poss\u00edvel devido \u00e0 alta produtividade da ind\u00fastria em 2011. \u201cUm dos fatores que contribu\u00edram para este salto de produtividade foi o aumento das compras governamentais, impulsionado pela amplia\u00e7\u00e3o do acesso aos medicamentos\u201d, disse o executivo.<\/p>\n<p>Entre os medicamentos que podem ter aumento de 5,85%,  Bucaresky citou a claritromicina (antibi\u00f3tico) e o diclofenaco de s\u00f3dio (anti-inflamat\u00f3rio).<\/p>\n<p>Pela resolu\u00e7\u00e3o da Cmed, os medicamentos em que os gen\u00e9ricos t\u00eam 20% ou mais de participa\u00e7\u00e3o no mercado ser\u00e3o os que podem ter maior reajuste: 5,85%. J\u00e1 nos mercados em que os gen\u00e9ricos t\u00eam uma fatia entre 15% e 20%, os produtos poder\u00e3o subir 2,8%.<\/p>\n<p>A categoria de medicamentos que tem menor participa\u00e7\u00e3o dos gen\u00e9ricos (inferior a 15%) ter\u00e1 de baixar os pre\u00e7os em 0,25%. A maior parte dos medicamentos com pre\u00e7os controlados pelo governo est\u00e1 nesse grupo.<\/p>\n<p>S\u00e3o  produtos de uso cont\u00ednuo ou utilizados no tratamento de doen\u00e7as graves. Tamb\u00e9m est\u00e3o na lista antibi\u00f3ticos, anti-inflamat\u00f3rios, diur\u00e9ticos, como Lasix, vasodilatadores, como Viagra e ansiol\u00edticos, como Lexotan. J\u00e1 os rem\u00e9dios fitoter\u00e1picos e homeop\u00e1ticos, por exemplo, t\u00eam pre\u00e7os liberados.<\/p>\n<p>Uso cont\u00ednuo &#8211; Para as pessoas que dependem do uso cont\u00ednuo de medicamentos, o reajuste autorizado pelo governo, ainda que abaixo da infla\u00e7\u00e3o, pesar\u00e1 no j\u00e1 apertado or\u00e7amento. \u00c9 o caso dos aposentados e dos renais cr\u00f4nicos, que, em sua maioria, vivem com um sal\u00e1rio m\u00ednimo. <\/p>\n<p>Presidente da Associa\u00e7\u00e3o Pr\u00f3-Renais Cr\u00f4nicos do Brasil (APRC-Brasil) e diretor da Associa\u00e7\u00e3o de Renais Cr\u00f4nicos da Bahia, Gerson Barreto  diz que existem 5 mil pacientes em tratamento na Bahia. Ele assinala que a maioria recebe os rem\u00e9dios gratuitamente nos postos e farm\u00e1cias credenciadas pelo governo, mas que, com alguma frequ\u00eancia, precisa pagar pelos medicamentos que faltam nos postos de sa\u00fade.<\/p>\n<p>\u201cNo ano passado houve oito interrup\u00e7\u00f5es na oferta de medicamentos pela rede p\u00fablica\u201d, queixa-se Barreto, informando que o renal cr\u00f4nico n\u00e3o tem como assumir sozinho um gasto mensal entre R$ 150 e R$ 200 s\u00f3 com medicamentos vitais.<\/p>\n<p>Advogado da Asaprev\/Casa do Aposentado  e vice-presidente do Conselho Estadual do Idoso, Marcos Barros v\u00ea com preocupa\u00e7\u00e3o o reajuste. \u201cOs benef\u00edcios previdenci\u00e1rios j\u00e1 est\u00e3o t\u00e3o defasados, que qualquer aumento em um dos itens de sobreviv\u00eancia do idoso compromete seu or\u00e7amento\u201d. Na Bahia existem mais de 1,3 milh\u00e3o de aposentados e pensionistas.<\/p>\n<p>&#8212;<\/p>\n<p>Patr\u00edcia Fran\u00e7a e Ag\u00eancias<br \/>\nNo <a href = \"http:\/\/atarde.uol.com.br\/brasil\/noticia.jsf?id=5821379&#038;t=Remedios+vao+ficar+ate+585+mais+caros\" target = \"_news\"><b> A TARDE ON LINE<\/b><\/a><\/p>\n","protected":false},"excerpt":{"rendered":"<p>O governo autorizou, nesta segunda,20, um reajuste entre 2,80% e 5,85% nos medicamentos que t\u00eam pre\u00e7os controlados. O aumento passa a vigorar a partir do dia 31 de mar\u00e7o e foi calculado com base no comportamento da infla\u00e7\u00e3o no ano passado e tamb\u00e9m nos ganhos de produtividade que os laborat\u00f3rios tiveram neste per\u00edodo. Pela primeira [&hellip;]<\/p>\n","protected":false},"author":2,"featured_media":0,"comment_status":"open","ping_status":"open","sticky":false,"template":"","format":"standard","meta":{"_links_to":"","_links_to_target":""},"categories":[24],"tags":[],"_links":{"self":[{"href":"https:\/\/www.r2cpress.com.br\/v1\/wp-json\/wp\/v2\/posts\/37361"}],"collection":[{"href":"https:\/\/www.r2cpress.com.br\/v1\/wp-json\/wp\/v2\/posts"}],"about":[{"href":"https:\/\/www.r2cpress.com.br\/v1\/wp-json\/wp\/v2\/types\/post"}],"author":[{"embeddable":true,"href":"https:\/\/www.r2cpress.com.br\/v1\/wp-json\/wp\/v2\/users\/2"}],"replies":[{"embeddable":true,"href":"https:\/\/www.r2cpress.com.br\/v1\/wp-json\/wp\/v2\/comments?post=37361"}],"version-history":[{"count":2,"href":"https:\/\/www.r2cpress.com.br\/v1\/wp-json\/wp\/v2\/posts\/37361\/revisions"}],"predecessor-version":[{"id":37363,"href":"https:\/\/www.r2cpress.com.br\/v1\/wp-json\/wp\/v2\/posts\/37361\/revisions\/37363"}],"wp:attachment":[{"href":"https:\/\/www.r2cpress.com.br\/v1\/wp-json\/wp\/v2\/media?parent=37361"}],"wp:term":[{"taxonomy":"category","embeddable":true,"href":"https:\/\/www.r2cpress.com.br\/v1\/wp-json\/wp\/v2\/categories?post=37361"},{"taxonomy":"post_tag","embeddable":true,"href":"https:\/\/www.r2cpress.com.br\/v1\/wp-json\/wp\/v2\/tags?post=37361"}],"curies":[{"name":"wp","href":"https:\/\/api.w.org\/{rel}","templated":true}]}}