{"id":37364,"date":"2012-03-20T08:52:53","date_gmt":"2012-03-20T11:52:53","guid":{"rendered":"http:\/\/www.r2cpress.com.br\/v1\/?p=37364"},"modified":"2012-03-20T08:52:53","modified_gmt":"2012-03-20T11:52:53","slug":"paralisacao-dos-servidores-municipais-de-itabuna","status":"publish","type":"post","link":"https:\/\/www.r2cpress.com.br\/v1\/2012\/03\/20\/paralisacao-dos-servidores-municipais-de-itabuna\/","title":{"rendered":"PARALISA\u00c7\u00c3O DOS SERVIDORES MUNICIPAIS DE ITABUNA"},"content":{"rendered":"<p>AMANH\u00c3 OS SERVIDORES FAR\u00c3O UMA PARALISA\u00c7\u00c3O DE 24 HORAS A PARTIR DAS 7 HORAS DA MANH\u00c3 NA FRENTE DA PREFEITURA, REIVINDICANDO O CUMPRIMENTO DO ACORDO COLETIVO REFERENTE A CAMPANHA SALARIAL 2011 ( O MESMO QUE N\u00c3O SAIU DA SECRETARIA DE GOVERNO) E LAN\u00c7AMENTO DA CAMPANHA SALARIAL 2012.<\/p>\n","protected":false},"excerpt":{"rendered":"<p>AMANH\u00c3 OS SERVIDORES FAR\u00c3O UMA PARALISA\u00c7\u00c3O DE 24 HORAS A PARTIR DAS 7 HORAS DA MANH\u00c3 NA FRENTE DA PREFEITURA, REIVINDICANDO O CUMPRIMENTO DO ACORDO COLETIVO REFERENTE A CAMPANHA SALARIAL 2011 ( O MESMO QUE N\u00c3O SAIU DA SECRETARIA DE GOVERNO) E LAN\u00c7AMENTO DA CAMPANHA SALARIAL 2012.<\/p>\n","protected":false},"author":2,"featured_media":0,"comment_status":"open","ping_status":"open","sticky":false,"template":"","format":"standard","meta":{"_links_to":"","_links_to_target":""},"categories":[15],"tags":[],"_links":{"self":[{"href":"https:\/\/www.r2cpress.com.br\/v1\/wp-json\/wp\/v2\/posts\/37364"}],"collection":[{"href":"https:\/\/www.r2cpress.com.br\/v1\/wp-json\/wp\/v2\/posts"}],"about":[{"href":"https:\/\/www.r2cpress.com.br\/v1\/wp-json\/wp\/v2\/types\/post"}],"author":[{"embeddable":true,"href":"https:\/\/www.r2cpress.com.br\/v1\/wp-json\/wp\/v2\/users\/2"}],"replies":[{"embeddable":true,"href":"https:\/\/www.r2cpress.com.br\/v1\/wp-json\/wp\/v2\/comments?post=37364"}],"version-history":[{"count":2,"href":"https:\/\/www.r2cpress.com.br\/v1\/wp-json\/wp\/v2\/posts\/37364\/revisions"}],"predecessor-version":[{"id":37366,"href":"https:\/\/www.r2cpress.com.br\/v1\/wp-json\/wp\/v2\/posts\/37364\/revisions\/37366"}],"wp:attachment":[{"href":"https:\/\/www.r2cpress.com.br\/v1\/wp-json\/wp\/v2\/media?parent=37364"}],"wp:term":[{"taxonomy":"category","embeddable":true,"href":"https:\/\/www.r2cpress.com.br\/v1\/wp-json\/wp\/v2\/categories?post=37364"},{"taxonomy":"post_tag","embeddable":true,"href":"https:\/\/www.r2cpress.com.br\/v1\/wp-json\/wp\/v2\/tags?post=37364"}],"curies":[{"name":"wp","href":"https:\/\/api.w.org\/{rel}","templated":true}]}}