{"id":3771,"date":"2010-12-05T07:34:03","date_gmt":"2010-12-05T10:34:03","guid":{"rendered":"http:\/\/www.r2cpress.com.br\/v1\/?p=3771"},"modified":"2010-12-05T07:34:03","modified_gmt":"2010-12-05T10:34:03","slug":"triatletas-sao-atropelados-por-onibus-na-boca-do-rio","status":"publish","type":"post","link":"https:\/\/www.r2cpress.com.br\/v1\/2010\/12\/05\/triatletas-sao-atropelados-por-onibus-na-boca-do-rio\/","title":{"rendered":"Triatletas s\u00e3o atropelados por \u00f4nibus na Boca do Rio"},"content":{"rendered":"<p>Uma discuss\u00e3o no tr\u00e2nsito tirou dos triatletas Athos e Alberto Le\u00e3o o sonho de disputar o Trof\u00e9u Brasil, no pr\u00f3ximo dia 19. O motorista da empresa Rio Vermelho, Marcos Roberto dos Anjos Costa, que fazia a linha S\u00e3o Crist\u00f3v\u00e3o x Barroquinha \u00e9 suspeito de ter atropelado o ciclista Athos Le\u00e3o, 22 e ter tentado atropelar seu irm\u00e3o, Alberto Le\u00e3o, 24, ap\u00f3s discutir com os garotos devido \u00e0 uma fechada, neste s\u00e1bado, na Boca do Rio. O motorista se evadiu do local.<\/p>\n<p>Athos foi socorrido e levado at\u00e9 o Hospital Alian\u00e7a pela Samu, mas sofreu apenas escoria\u00e7\u00f5es generalizadas e passa bem.  O caso est\u00e1 sendo investigado pela 9\u00aa DP da Boca do Rio.<\/p>\n<p><!--more--><\/p>\n<p>De acordo com o pai da v\u00edtima, o tamb\u00e9m triatleta Alberto Lopes, os garotos estavam voltando de uma corrida de bicicleta entre o Porto da Barra e Itapu\u00e3, quando o motorista fechou os ciclistas. \u201cDiscutiram e o motorista falou que iria matar eles. Quando passou por cima de um, o outro ouviu o grito e se jogou\u201d, conta, afirmando que os garotos ainda est\u00e3o em estado de choque. \u201cEu s\u00f3 quero tirar ele das ruas, para que n\u00e3o volte a fazer o que fez com meus filhos\u201d, conta emocionado.<\/p>\n<p>Os meninos estavam treinando para  a competi\u00e7\u00e3o nacional Trof\u00e9u Brasil, que acontece no pr\u00f3ximo dia 19, mas como as bicicletas foram destru\u00eddas, eles n\u00e3o ir\u00e3o participar da competi\u00e7\u00e3o.<\/p>\n<p>O delegado da 9\u00aa DP, Guilherme farias, afirmou que instaurou um inqu\u00e9rito para apurar o caso. \u201cSe for comprovada a den\u00fancia, o motorista ser\u00e1  indiciado por tentativa de homic\u00eddio doloso\u201d, diz.<\/p>\n<p>A dire\u00e7\u00e3o da empresa n\u00e3o foi encontrada, at\u00e9 \u00e0s 22h deste s\u00e1bado, para comentar o caso. <\/p>\n<p>&#8212;<br \/>\nRaiza Tourinho, da Ag\u00eancia A TARDE<br \/>\nNo <a HREF = \"http:\/\/atarde.com.br\/cidades\/noticia.jsf?id=5658847\" TARGET = \"_NEWS\"><b>A TARDE ONLINE<\/b><\/a><\/p>\n","protected":false},"excerpt":{"rendered":"<p>Uma discuss\u00e3o no tr\u00e2nsito tirou dos triatletas Athos e Alberto Le\u00e3o o sonho de disputar o Trof\u00e9u Brasil, no pr\u00f3ximo dia 19. O motorista da empresa Rio Vermelho, Marcos Roberto dos Anjos Costa, que fazia a linha S\u00e3o Crist\u00f3v\u00e3o x Barroquinha \u00e9 suspeito de ter atropelado o ciclista Athos Le\u00e3o, 22 e ter tentado atropelar [&hellip;]<\/p>\n","protected":false},"author":2,"featured_media":0,"comment_status":"open","ping_status":"open","sticky":false,"template":"","format":"standard","meta":{"_links_to":"","_links_to_target":""},"categories":[13],"tags":[],"_links":{"self":[{"href":"https:\/\/www.r2cpress.com.br\/v1\/wp-json\/wp\/v2\/posts\/3771"}],"collection":[{"href":"https:\/\/www.r2cpress.com.br\/v1\/wp-json\/wp\/v2\/posts"}],"about":[{"href":"https:\/\/www.r2cpress.com.br\/v1\/wp-json\/wp\/v2\/types\/post"}],"author":[{"embeddable":true,"href":"https:\/\/www.r2cpress.com.br\/v1\/wp-json\/wp\/v2\/users\/2"}],"replies":[{"embeddable":true,"href":"https:\/\/www.r2cpress.com.br\/v1\/wp-json\/wp\/v2\/comments?post=3771"}],"version-history":[{"count":2,"href":"https:\/\/www.r2cpress.com.br\/v1\/wp-json\/wp\/v2\/posts\/3771\/revisions"}],"predecessor-version":[{"id":3773,"href":"https:\/\/www.r2cpress.com.br\/v1\/wp-json\/wp\/v2\/posts\/3771\/revisions\/3773"}],"wp:attachment":[{"href":"https:\/\/www.r2cpress.com.br\/v1\/wp-json\/wp\/v2\/media?parent=3771"}],"wp:term":[{"taxonomy":"category","embeddable":true,"href":"https:\/\/www.r2cpress.com.br\/v1\/wp-json\/wp\/v2\/categories?post=3771"},{"taxonomy":"post_tag","embeddable":true,"href":"https:\/\/www.r2cpress.com.br\/v1\/wp-json\/wp\/v2\/tags?post=3771"}],"curies":[{"name":"wp","href":"https:\/\/api.w.org\/{rel}","templated":true}]}}