{"id":37823,"date":"2012-03-31T10:58:27","date_gmt":"2012-03-31T13:58:27","guid":{"rendered":"http:\/\/www.r2cpress.com.br\/v1\/?p=37823"},"modified":"2012-03-31T10:58:27","modified_gmt":"2012-03-31T13:58:27","slug":"livro-com-historias-de-adonias-filho","status":"publish","type":"post","link":"https:\/\/www.r2cpress.com.br\/v1\/2012\/03\/31\/livro-com-historias-de-adonias-filho\/","title":{"rendered":"Livro com Hist\u00f3rias de Adonias Filho"},"content":{"rendered":"<p><center><a href=\"http:\/\/www.r2cpress.com.br\/v1\/wp-content\/uploads\/CAPA_cyro.jpg\"><img loading=\"lazy\" src=\"http:\/\/www.r2cpress.com.br\/v1\/wp-content\/uploads\/CAPA_cyro.jpg\" alt=\"\" title=\"CAPA_cyro\" width=\"400\" height=\"509\" class=\"alignnone size-full wp-image-37824\" srcset=\"https:\/\/www.r2cpress.com.br\/v1\/wp-content\/uploads\/CAPA_cyro.jpg 400w, https:\/\/www.r2cpress.com.br\/v1\/wp-content\/uploads\/CAPA_cyro-235x300.jpg 235w\" sizes=\"(max-width: 400px) 100vw, 400px\" \/><\/a><br \/>\n<strong>Livro com Hist\u00f3rias de Adonias Filho<br \/>\nOrganizado por Cyro de Mattos Ganha<br \/>\nPublica\u00e7\u00e3o Primorosa da EDITUS<\/strong><\/center><\/p>\n<p>Numa edi\u00e7\u00e3o primorosa, com bel\u00edssimas  ilustra\u00e7\u00f5es do desenhista baiano \u00c2ngelo Roberto,   nascido em Ibicara\u00ed, a colet\u00e2nea   Hist\u00f3rias Dispersas de Adonias Filho, com  pref\u00e1cio, notas e organiza\u00e7\u00e3o do escritor  Cyro de Mattos,  foi publicada neste m\u00eas de mar\u00e7o pela Editus, editora da Universidade Estadual de Santa Cruz.  Na obra  s\u00e3o apresentadas  cinco hist\u00f3rias em que o escritor Adonias Filho transmite sua paix\u00e3o por uma humanidade feita de verdades fundamentais atrav\u00e9s da vis\u00e3o dram\u00e1tica, l\u00edrica e amorosa, que palpita em seus protagonistas, nas passagens feitas de alus\u00f5es e  observa\u00e7\u00f5es l\u00facidas.<br \/>\nO Brabo e Sua \u00cdndia, A Li\u00e7\u00e3o, Nosso Bispo, Amor no Catete e A Volta s\u00e3o as hist\u00f3rias que comp\u00f5em a colet\u00e2nea e que foram publicadas  h\u00e1 mais de trinta anos, em revistas, jornais e  antologias. A  colet\u00e2nea traz ainda uma pesquisa iconogr\u00e1fica feita com bom gosto pelo escritor Cyro de Mattos na qual \u00e9 mostrado o consagrado romancista baiano Adonias Filho em momentos  importantes de sua vida: tomando posse na Academia Brasileira de Letras, em sua fazenda Alian\u00e7a, em Inema, em sua viagem a Luanda (\u00c1frica) e  com os amigos Rachel de Queiroz e Gilberto Freire.<\/p>\n<p>LEG\u00cdTIMO CRIADOR<\/p>\n<p>Como posf\u00e1cio na colet\u00e2nea figura o estudo  Experi\u00eancia de um Romancista, do  Professor Em\u00e9rito Doutor Fred Ellison, da Universidade de Austin, Texas, com tradu\u00e7\u00e3o  para o portugu\u00eas do Professor Em\u00e9rito Doutor Luiz Ang\u00e9lico, da Universidade Federal da Bahia. Ressalta  Cyro de Mattos no pref\u00e1cio  da colet\u00e2nea que   \u201co tratamento digno que imprime o leg\u00edtimo criador de linguagem \u00e0 sua gente, nestas Hist\u00f3rias Dispersas, que ora acontecem no interior do sul da Bahia, ora na Capital, j\u00e1 demonstra aquele que seria em sua carreira de escritor, entre o tr\u00e1gico e o l\u00edrico, um dos maiores int\u00e9rpretes da natureza humana feita de sortil\u00e9gios, ermos e pesos da vida, em sua dimens\u00e3o m\u00edtica povoada de mist\u00e9rios\u201d.<br \/>\n            A Editus vai promover o  lan\u00e7amento do livro  na Academia de Letras da Bahia, em Salvador, no dia 25 de abril, \u00e0s 18 horas.  Em Itabuna,  a Academia de Letras de Itabuna \u2013 ALITA e a Editus v\u00e3o lan\u00e7ar Hist\u00f3rias Dispersas de Adonias Filho no dia 5 de maio, na FTC, \u00e0s 19 horas, enquanto o Memorial Adonias Filho em Itaju\u00edpe  pretende programar o lan\u00e7amento da obra para o  m\u00eas de junho, em data a ser <\/p>\n","protected":false},"excerpt":{"rendered":"<p>Livro com Hist\u00f3rias de Adonias Filho Organizado por Cyro de Mattos Ganha Publica\u00e7\u00e3o Primorosa da EDITUS Numa edi\u00e7\u00e3o primorosa, com bel\u00edssimas ilustra\u00e7\u00f5es do desenhista baiano \u00c2ngelo Roberto, nascido em Ibicara\u00ed, a colet\u00e2nea Hist\u00f3rias Dispersas de Adonias Filho, com pref\u00e1cio, notas e organiza\u00e7\u00e3o do escritor Cyro de Mattos, foi publicada neste m\u00eas de mar\u00e7o pela Editus, [&hellip;]<\/p>\n","protected":false},"author":2,"featured_media":0,"comment_status":"open","ping_status":"open","sticky":false,"template":"","format":"standard","meta":{"_links_to":"","_links_to_target":""},"categories":[5],"tags":[],"_links":{"self":[{"href":"https:\/\/www.r2cpress.com.br\/v1\/wp-json\/wp\/v2\/posts\/37823"}],"collection":[{"href":"https:\/\/www.r2cpress.com.br\/v1\/wp-json\/wp\/v2\/posts"}],"about":[{"href":"https:\/\/www.r2cpress.com.br\/v1\/wp-json\/wp\/v2\/types\/post"}],"author":[{"embeddable":true,"href":"https:\/\/www.r2cpress.com.br\/v1\/wp-json\/wp\/v2\/users\/2"}],"replies":[{"embeddable":true,"href":"https:\/\/www.r2cpress.com.br\/v1\/wp-json\/wp\/v2\/comments?post=37823"}],"version-history":[{"count":3,"href":"https:\/\/www.r2cpress.com.br\/v1\/wp-json\/wp\/v2\/posts\/37823\/revisions"}],"predecessor-version":[{"id":37827,"href":"https:\/\/www.r2cpress.com.br\/v1\/wp-json\/wp\/v2\/posts\/37823\/revisions\/37827"}],"wp:attachment":[{"href":"https:\/\/www.r2cpress.com.br\/v1\/wp-json\/wp\/v2\/media?parent=37823"}],"wp:term":[{"taxonomy":"category","embeddable":true,"href":"https:\/\/www.r2cpress.com.br\/v1\/wp-json\/wp\/v2\/categories?post=37823"},{"taxonomy":"post_tag","embeddable":true,"href":"https:\/\/www.r2cpress.com.br\/v1\/wp-json\/wp\/v2\/tags?post=37823"}],"curies":[{"name":"wp","href":"https:\/\/api.w.org\/{rel}","templated":true}]}}