{"id":3785,"date":"2010-12-05T10:37:02","date_gmt":"2010-12-05T13:37:02","guid":{"rendered":"http:\/\/www.r2cpress.com.br\/v1\/?p=3785"},"modified":"2010-12-05T10:37:02","modified_gmt":"2010-12-05T13:37:02","slug":"acao-policial-tera-novo-modelo-para-reduzir-violencia","status":"publish","type":"post","link":"https:\/\/www.r2cpress.com.br\/v1\/2010\/12\/05\/acao-policial-tera-novo-modelo-para-reduzir-violencia\/","title":{"rendered":"A\u00e7\u00e3o policial ter\u00e1 novo modelo para reduzir viol\u00eancia"},"content":{"rendered":"<p>Ap\u00f3s um hist\u00f3rico de prioriza\u00e7\u00e3o da coer\u00e7\u00e3o como combate \u00e0 criminalidade, o Policiamento de Proximidade tem sido o novo direcionamento da atua\u00e7\u00e3o policial para alcan\u00e7ar a meta de redu\u00e7\u00e3o dos \u00edndices de viol\u00eancia. Aliado a isso, recomenda-se a personaliza\u00e7\u00e3o da forma de lidar com a popula\u00e7\u00e3o levando em conta os problemas e demandas espec\u00edficas de cada localidade.<\/p>\n<p>Esse foi o tema do \u00faltimo dia de discuss\u00e3o do II Semin\u00e1rio Internacional Qualidade da Atua\u00e7\u00e3o do Sistema de Defesa Social, realizado nos dias 29 e 30 de novembro, em Belo Horizonte, Minas Gerais.<\/p>\n<p><!--more--><\/p>\n<p>\u201cN\u00e3o h\u00e1 uma receita bem-sucedida para ser aplicada em todos os lugares. As boas a\u00e7\u00f5es devem ser temperadas com a cultura e realidade local. Devemos pegar as boas pr\u00e1ticas e adaptar o que for aplic\u00e1vel. N\u00e3o copiar\u201d, disse o gerente do Programa de Crime Organizado da Pol\u00edcia Holandesa, Max Daniel, representante do Programa Integrado de Policiamento de Proximidade que se baseia no diagn\u00f3stico de problemas, plano de a\u00e7\u00e3o, implementa\u00e7\u00e3o, avalia\u00e7\u00e3o e corre\u00e7\u00e3o de erros desenvolvidos no pa\u00eds europeu.<\/p>\n<p><strong>Cidad\u00e3o <\/strong>&#8211; O especialista em Seguran\u00e7a P\u00fablica da Universidade da Calif\u00f3rnia, Larry Gaines, endossa a estrat\u00e9gia. \u201cCada bairro tem expectativas e necessidades diferentes. Agir de forma \u00fanica, trata sintomas e n\u00e3o a causa\u201d.<\/p>\n<p>\u00c9 un\u00e2nime a afirma\u00e7\u00e3o de que a nova cultura de seguran\u00e7a \u00e9 feita em parceria com o cidad\u00e3o. \u201cO que a popula\u00e7\u00e3o espera, mas a pol\u00edcia n\u00e3o faz, merece mais aten\u00e7\u00e3o. Para isso \u00e9 s\u00f3 perguntar o que gostaria que a pol\u00edcia fizesse. Conversar com o morador, o comerciante, fazer reuni\u00f5es, aplicar question\u00e1rio. Somos prestadores de servi\u00e7o p\u00fablico e temos que saber o que querem da gente. Podemos ser duros, mas amigo de todos tamb\u00e9m\u201d, afirmou Gaines. <\/p>\n<p>Meire Oliveira, do <a href = \"http:\/\/atarde.com.br\/cidades\/noticia.jsf?id=5658850\" target = \"_news\"><b>A TARDE On Line<\/b><\/a><\/p>\n","protected":false},"excerpt":{"rendered":"<p>Ap\u00f3s um hist\u00f3rico de prioriza\u00e7\u00e3o da coer\u00e7\u00e3o como combate \u00e0 criminalidade, o Policiamento de Proximidade tem sido o novo direcionamento da atua\u00e7\u00e3o policial para alcan\u00e7ar a meta de redu\u00e7\u00e3o dos \u00edndices de viol\u00eancia. Aliado a isso, recomenda-se a personaliza\u00e7\u00e3o da forma de lidar com a popula\u00e7\u00e3o levando em conta os problemas e demandas espec\u00edficas de [&hellip;]<\/p>\n","protected":false},"author":2,"featured_media":0,"comment_status":"open","ping_status":"open","sticky":false,"template":"","format":"standard","meta":{"_links_to":"","_links_to_target":""},"categories":[25],"tags":[],"_links":{"self":[{"href":"https:\/\/www.r2cpress.com.br\/v1\/wp-json\/wp\/v2\/posts\/3785"}],"collection":[{"href":"https:\/\/www.r2cpress.com.br\/v1\/wp-json\/wp\/v2\/posts"}],"about":[{"href":"https:\/\/www.r2cpress.com.br\/v1\/wp-json\/wp\/v2\/types\/post"}],"author":[{"embeddable":true,"href":"https:\/\/www.r2cpress.com.br\/v1\/wp-json\/wp\/v2\/users\/2"}],"replies":[{"embeddable":true,"href":"https:\/\/www.r2cpress.com.br\/v1\/wp-json\/wp\/v2\/comments?post=3785"}],"version-history":[{"count":2,"href":"https:\/\/www.r2cpress.com.br\/v1\/wp-json\/wp\/v2\/posts\/3785\/revisions"}],"predecessor-version":[{"id":3787,"href":"https:\/\/www.r2cpress.com.br\/v1\/wp-json\/wp\/v2\/posts\/3785\/revisions\/3787"}],"wp:attachment":[{"href":"https:\/\/www.r2cpress.com.br\/v1\/wp-json\/wp\/v2\/media?parent=3785"}],"wp:term":[{"taxonomy":"category","embeddable":true,"href":"https:\/\/www.r2cpress.com.br\/v1\/wp-json\/wp\/v2\/categories?post=3785"},{"taxonomy":"post_tag","embeddable":true,"href":"https:\/\/www.r2cpress.com.br\/v1\/wp-json\/wp\/v2\/tags?post=3785"}],"curies":[{"name":"wp","href":"https:\/\/api.w.org\/{rel}","templated":true}]}}