{"id":3833,"date":"2010-12-06T09:40:49","date_gmt":"2010-12-06T12:40:49","guid":{"rendered":"http:\/\/www.r2cpress.com.br\/v1\/?p=3833"},"modified":"2010-12-06T09:40:49","modified_gmt":"2010-12-06T12:40:49","slug":"cobranca-de-tarifa-na-br-116-comeca-na-terca-feira","status":"publish","type":"post","link":"https:\/\/www.r2cpress.com.br\/v1\/2010\/12\/06\/cobranca-de-tarifa-na-br-116-comeca-na-terca-feira\/","title":{"rendered":"Cobran\u00e7a de tarifa na BR-116 come\u00e7a na ter\u00e7a-feira"},"content":{"rendered":"<p><div style=\"width: 365px\" class=\"wp-caption alignleft\"><img loading=\"lazy\" alt=\"Nas cinco pra\u00e7as de ped\u00e1gio ao longo da rodovia, as tarifas s\u00e3o distribu\u00eddas em 12 categorias (N\u00e9ia Rosseto\/Ag\u00eancia A TARDE).\" src=\"http:\/\/www.atarde.com.br\/arquivos\/2010\/12\/208099.jpg\" title=\"Nas cinco pra\u00e7as de ped\u00e1gio ao longo da rodovia, as tarifas s\u00e3o distribu\u00eddas em 12 categorias (N\u00e9ia Rosseto\/Ag\u00eancia A TARDE).\" width=\"355\" height=\"250\" \/><p class=\"wp-caption-text\">Nas cinco pra\u00e7as de ped\u00e1gio ao longo da rodovia, as tarifas s\u00e3o distribu\u00eddas em 12 categorias (N\u00e9ia Rosseto\/Ag\u00eancia A TARDE).<\/p><\/div> Se o usu\u00e1rio estiver sem dinheiro para pagar a tarifa ele fica retido? Como saber que tarifa devo pagar em caso de caminh\u00e3o com mais de dois eixos? Posso pagar de outra forma, sen\u00e3o  em dinheiro? <\/p>\n<p>Estas s\u00e3o algumas das in\u00fameras d\u00favidas que surgem entre os motoristas antes da ativa\u00e7\u00e3o das cinco pra\u00e7as de ped\u00e1gio, a partir da zero hora de ter\u00e7a-feira, 7, da divisa de Minas com a Bahia at\u00e9 Feira de Santana, ao longo da BR-116 (Rio &#8211; Bahia). <\/p>\n<p><!--more--><\/p>\n<p>A cobran\u00e7a \u00e9 autorizada pela Ag\u00eancia Nacional de Transportes Terrestres (Antt) e est\u00e3o isentos apenas ve\u00edculos oficiais devidamente identificados, conforme Delibera\u00e7\u00e3o n\u00ba 3.606 do mesmo \u00f3rg\u00e3o, publicada no Di\u00e1rio Oficial da Uni\u00e3o de 26 de novembro de 2010. <\/p>\n<p>As pra\u00e7as est\u00e3o instaladas nos munic\u00edpios de Rafael Jambeiro, Brej\u00f5es\/Nova Itarana, Jequi\u00e9, Planalto e Vit\u00f3ria da Conquista, separadas 100 km uma da outra. A menor tarifa \u2013 das 12 a serem cobradas por pra\u00e7a \u2013 \u00e9 de R$ 1,40 para motocicletas, motonetas e bicicleta-moto. A maior, de R$ 24,90, \u00e9 para caminh\u00e3o com reboque, caminh\u00e3o-trator com semirreboque de nove eixos. <\/p>\n<p>Para dirimir d\u00favidas e auxiliar o usu\u00e1rio com informa\u00e7\u00f5es sobre o servi\u00e7o, a ViaBahia, concession\u00e1ria que administrar\u00e1 a rodovia por 25 anos, distribui folhetos. \u201cCaso o usu\u00e1rio n\u00e3o tenha como pagar a tarifa no ato, ele assina um documento reconhecendo a d\u00edvida e se compromete a quitar o d\u00e9bito em at\u00e9 48 horas\u201d, explica a atendente Regina Santos. <\/p>\n<p>Para quitar a tarifa no ato, sem apresentar dinheiro em esp\u00e9cie, pode se valer do cupom de ped\u00e1gio, geralmente cedido pelas empresas de transporte e cargas, ou o Via F\u00e1cil. Este \u00faltimo, esclarece o agente Jos\u00e9 Luiz Alves, consiste num sensor, instalado numa das pistas do ped\u00e1gio, que faz a leitura de outro dispositivo no ve\u00edculo pr\u00e9-cadastrado. \u201cTodos os dados do ve\u00edculo s\u00e3o lidos e ele \u00e9 liberado automaticamente, com a fatura para pagamento banc\u00e1rio emitida posteriormente\u201d. <\/p>\n<p>Esse servi\u00e7o, explorado por uma empresa terceirizada, recebeu o aval de usu\u00e1rios. \u201cFacilita nossa vida, evitando desperd\u00edcio de tempo nas paradas, j\u00e1 que n\u00f3s temos prazos a cumprir e cada segundo \u00e9 precioso\u201d, opina o motorista Renato Nunes Dutra. <\/p>\n<p>A assessoria da concession\u00e1ria informou que, al\u00e9m desses servi\u00e7os, tamb\u00e9m disponibilizar\u00e1 outros, como combate a inc\u00eandios e apreens\u00e3o de animais. Os servi\u00e7os mec\u00e2nicos e m\u00e9dicos podem ser acionados pelo 0800-6000-116. Parte da tarifa arrecadada no ped\u00e1gio por meio do Imposto Sobre Servi\u00e7o (ISS) ser\u00e1 repassada aos munic\u00edpios ao longo do trecho atendido. <\/p>\n<p>Juscelino Souza l Sucursal Vit\u00f3ria da Conquista<br \/>\n<a href = \"http:\/\/atarde.com.br\/cidades\/noticia.jsf?id=5659150\" target = \"_news\"><b>A TARDE ONLINE<\/b><\/a><\/p>\n","protected":false},"excerpt":{"rendered":"<p>Se o usu\u00e1rio estiver sem dinheiro para pagar a tarifa ele fica retido? Como saber que tarifa devo pagar em caso de caminh\u00e3o com mais de dois eixos? Posso pagar de outra forma, sen\u00e3o em dinheiro? Estas s\u00e3o algumas das in\u00fameras d\u00favidas que surgem entre os motoristas antes da ativa\u00e7\u00e3o das cinco pra\u00e7as de ped\u00e1gio, [&hellip;]<\/p>\n","protected":false},"author":2,"featured_media":0,"comment_status":"open","ping_status":"open","sticky":false,"template":"","format":"standard","meta":{"_links_to":"","_links_to_target":""},"categories":[13],"tags":[],"_links":{"self":[{"href":"https:\/\/www.r2cpress.com.br\/v1\/wp-json\/wp\/v2\/posts\/3833"}],"collection":[{"href":"https:\/\/www.r2cpress.com.br\/v1\/wp-json\/wp\/v2\/posts"}],"about":[{"href":"https:\/\/www.r2cpress.com.br\/v1\/wp-json\/wp\/v2\/types\/post"}],"author":[{"embeddable":true,"href":"https:\/\/www.r2cpress.com.br\/v1\/wp-json\/wp\/v2\/users\/2"}],"replies":[{"embeddable":true,"href":"https:\/\/www.r2cpress.com.br\/v1\/wp-json\/wp\/v2\/comments?post=3833"}],"version-history":[{"count":5,"href":"https:\/\/www.r2cpress.com.br\/v1\/wp-json\/wp\/v2\/posts\/3833\/revisions"}],"predecessor-version":[{"id":3838,"href":"https:\/\/www.r2cpress.com.br\/v1\/wp-json\/wp\/v2\/posts\/3833\/revisions\/3838"}],"wp:attachment":[{"href":"https:\/\/www.r2cpress.com.br\/v1\/wp-json\/wp\/v2\/media?parent=3833"}],"wp:term":[{"taxonomy":"category","embeddable":true,"href":"https:\/\/www.r2cpress.com.br\/v1\/wp-json\/wp\/v2\/categories?post=3833"},{"taxonomy":"post_tag","embeddable":true,"href":"https:\/\/www.r2cpress.com.br\/v1\/wp-json\/wp\/v2\/tags?post=3833"}],"curies":[{"name":"wp","href":"https:\/\/api.w.org\/{rel}","templated":true}]}}