{"id":38536,"date":"2012-04-13T20:00:43","date_gmt":"2012-04-13T23:00:43","guid":{"rendered":"http:\/\/www.r2cpress.com.br\/v1\/?p=38536"},"modified":"2012-04-13T14:44:46","modified_gmt":"2012-04-13T17:44:46","slug":"do-fundo-do-bau-de-jose-leite-62","status":"publish","type":"post","link":"https:\/\/www.r2cpress.com.br\/v1\/2012\/04\/13\/do-fundo-do-bau-de-jose-leite-62\/","title":{"rendered":"DO FUNDO DO BA\u00da DE JOS\u00c9 LEITE"},"content":{"rendered":"<p><center><img src = \"http:\/\/www.r2cpress.com.br\/v1\/wp-content\/uploads\/tampa-do-ba%C3%BA-com-camisa.jpg\"\/><br \/>\n1)\tUMA FATURA DA \u201cLOJA FELIZ LEMBRAN\u00c7A\u201d DE 115 ANOS ATR\u00c1S.<br \/>\n2)\tAS FOTOS DESTAQUES DA SEMANA.<\/center><\/p>\n<p><!--more--><\/p>\n<p>***<\/p>\n<p><b><center>UMA FATURA DA \u201cLOJA FELIZ LEMBRAN\u00c7A\u201d DE 115 ANOS ATR\u00c1S.<\/center><\/b><\/p>\n<div id=\"attachment_38537\" style=\"width: 227px\" class=\"wp-caption aligncenter\"><a href=\"http:\/\/www.r2cpress.com.br\/v1\/wp-content\/uploads\/187.jpg\"><img aria-describedby=\"caption-attachment-38537\" loading=\"lazy\" src=\"http:\/\/www.r2cpress.com.br\/v1\/wp-content\/uploads\/187-217x300.jpg\" alt=\"\" title=\"Quem j\u00e1 n\u00e3o ouviu falar no nome de MANOEL MIZAEL DA SILVA TAVARES? Um dos maiores empreendedores de ILH\u00c9US ou o maior, porque at\u00e9 hoje ainda n\u00e3o foi superado. MIZAEL TAVARES no ano de 1897 possu\u00eda uma grande loja em CACHOEIRA DE ITABUNA entre as cidades de ILH\u00c9US e ITABUNA (na \u00e9poca chamada de TABOCAS). Naquele tempo MIZAEL TAVARES j\u00e1 comprava e trocava cacau por mercadorias. Uma grande coincid\u00eancia de datas aconteceu nesse texto, no dia 20 de Fevereiro de 1897 o ainda n\u00e3o Coronel MANOEL MIZAEL DA SILVA TAVARES com 31 anos casou-se com EUFROZINA BERBERT TAVARES e no dia 20 de Julho de 1897, cinco meses depois, foi feita essa fatura de contas correntes para o cliente da loja, JO\u00c3O ONOFRE DA COSTA como mostra a foto acima\" width=\"217\" height=\"300\" class=\"size-medium wp-image-38537\" srcset=\"https:\/\/www.r2cpress.com.br\/v1\/wp-content\/uploads\/187-217x300.jpg 217w, https:\/\/www.r2cpress.com.br\/v1\/wp-content\/uploads\/187-741x1024.jpg 741w, https:\/\/www.r2cpress.com.br\/v1\/wp-content\/uploads\/187.jpg 1195w\" sizes=\"(max-width: 217px) 100vw, 217px\" \/><\/a><p id=\"caption-attachment-38537\" class=\"wp-caption-text\">Quem j\u00e1 n\u00e3o ouviu falar no nome de MANOEL MIZAEL DA SILVA TAVARES? Um dos maiores empreendedores de ILH\u00c9US ou o maior, porque at\u00e9 hoje ainda n\u00e3o foi superado. MIZAEL TAVARES no ano de 1897 possu\u00eda uma grande loja em CACHOEIRA DE ITABUNA entre as cidades de ILH\u00c9US e ITABUNA (na \u00e9poca chamada de TABOCAS). Naquele tempo MIZAEL TAVARES j\u00e1 comprava e trocava cacau por mercadorias. Uma grande coincid\u00eancia de datas aconteceu nesse texto, no dia 20 de Fevereiro de 1897 o ainda n\u00e3o Coronel MANOEL MIZAEL DA SILVA TAVARES com 31 anos casou-se com EUFROZINA BERBERT TAVARES e no dia 20 de Julho de 1897, cinco meses depois, foi feita essa fatura de contas correntes para o cliente da loja, JO\u00c3O ONOFRE DA COSTA como mostra a foto acima<\/p><\/div>\n<p>\u201cA grandeza de uma cidade se constr\u00f3i tamb\u00e9m com a mem\u00f3ria da vida e dos exemplos de seus cidad\u00e3os. MIZAEL TAVARES foi um destes valiosos contributos ao desenvolvimento de Ilh\u00e9us\u201d.<\/p>\n<div id=\"attachment_38539\" style=\"width: 160px\" class=\"wp-caption aligncenter\"><a href=\"http:\/\/www.r2cpress.com.br\/v1\/wp-content\/uploads\/2_1.jpg\"><img aria-describedby=\"caption-attachment-38539\" loading=\"lazy\" src=\"http:\/\/www.r2cpress.com.br\/v1\/wp-content\/uploads\/2_1.jpg\" alt=\"\" title=\"MISAEL TAVARES\" width=\"150\" height=\"210\" class=\"size-full wp-image-38539\" \/><\/a><p id=\"caption-attachment-38539\" class=\"wp-caption-text\">MIZAEL TAVARES<\/p><\/div>\n<p><b><center>AS FOTOS DESTAQUES DA SEMANA<\/center><\/b><\/p>\n<div id=\"attachment_38540\" style=\"width: 220px\" class=\"wp-caption aligncenter\"><a href=\"http:\/\/www.r2cpress.com.br\/v1\/wp-content\/uploads\/252.jpg\"><img aria-describedby=\"caption-attachment-38540\" loading=\"lazy\" src=\"http:\/\/www.r2cpress.com.br\/v1\/wp-content\/uploads\/252-210x300.jpg\" alt=\"\" title=\"Ao viajar para JUAZEIRO DO NORTE, j\u00e1 virou tradi\u00e7\u00e3o ser fotografado na frente da EST\u00c1TUA DO PADRE C\u00cdCERO com a m\u00e3o da est\u00e1tua na minha cabe\u00e7a, A PROTE\u00c7\u00c3O \u00c9 CERTA.\" width=\"210\" height=\"300\" class=\"size-medium wp-image-38540\" srcset=\"https:\/\/www.r2cpress.com.br\/v1\/wp-content\/uploads\/252-210x300.jpg 210w, https:\/\/www.r2cpress.com.br\/v1\/wp-content\/uploads\/252-717x1024.jpg 717w, https:\/\/www.r2cpress.com.br\/v1\/wp-content\/uploads\/252.jpg 829w\" sizes=\"(max-width: 210px) 100vw, 210px\" \/><\/a><p id=\"caption-attachment-38540\" class=\"wp-caption-text\">Ao viajar para JUAZEIRO DO NORTE, j\u00e1 virou tradi\u00e7\u00e3o ser fotografado na frente da EST\u00c1TUA DO PADRE C\u00cdCERO com a m\u00e3o da est\u00e1tua na minha cabe\u00e7a, A PROTE\u00c7\u00c3O \u00c9 CERTA.<\/p><\/div>\n<div id=\"attachment_38541\" style=\"width: 310px\" class=\"wp-caption aligncenter\"><a href=\"http:\/\/www.r2cpress.com.br\/v1\/wp-content\/uploads\/355.jpg\"><img aria-describedby=\"caption-attachment-38541\" loading=\"lazy\" src=\"http:\/\/www.r2cpress.com.br\/v1\/wp-content\/uploads\/355-300x198.jpg\" alt=\"\" title=\"Meus amigos Cel. GERALDO DIAS e o empres\u00e1rio GIVALDO SOBRINHO ao lado do Busto de Dr. FLORO BARTOLOMEU DA COSTA em JUAZEIRO. S\u00f3 para lembrar, o Busto foi doado por JOS\u00c9 LEITE DE SOUZA e o Pedestal pelo seu amigo PAULO LUSTOSA de JUAZEIRO DO NORTE. (Foto: 07-04-2012).\" width=\"300\" height=\"198\" class=\"size-medium wp-image-38541\" srcset=\"https:\/\/www.r2cpress.com.br\/v1\/wp-content\/uploads\/355-300x198.jpg 300w, https:\/\/www.r2cpress.com.br\/v1\/wp-content\/uploads\/355.jpg 889w\" sizes=\"(max-width: 300px) 100vw, 300px\" \/><\/a><p id=\"caption-attachment-38541\" class=\"wp-caption-text\">Meus amigos Cel. GERALDO DIAS e o empres\u00e1rio GIVALDO SOBRINHO ao lado do Busto de Dr. FLORO BARTOLOMEU DA COSTA em JUAZEIRO. S\u00f3 para lembrar, o Busto foi doado por JOS\u00c9 LEITE DE SOUZA e o Pedestal pelo seu amigo PAULO LUSTOSA de JUAZEIRO DO NORTE. (Foto: 07-04-2012).<\/p><\/div>\n<div id=\"attachment_38544\" style=\"width: 310px\" class=\"wp-caption aligncenter\"><a href=\"http:\/\/www.r2cpress.com.br\/v1\/wp-content\/uploads\/454.jpg\"><img aria-describedby=\"caption-attachment-38544\" loading=\"lazy\" src=\"http:\/\/www.r2cpress.com.br\/v1\/wp-content\/uploads\/454-300x199.jpg\" alt=\"\" title=\"Meus amigos Cel. GERALDO e GIVALDO n\u00e3o perderam tempo na viagem para JUAZEIRO. Na foto visitando SEU LUNGA no seu estabelecimento comercial. (09-04-2012)\" width=\"300\" height=\"199\" class=\"size-medium wp-image-38544\" srcset=\"https:\/\/www.r2cpress.com.br\/v1\/wp-content\/uploads\/454-300x199.jpg 300w, https:\/\/www.r2cpress.com.br\/v1\/wp-content\/uploads\/454.jpg 881w\" sizes=\"(max-width: 300px) 100vw, 300px\" \/><\/a><p id=\"caption-attachment-38544\" class=\"wp-caption-text\">Meus amigos Cel. GERALDO e GIVALDO n\u00e3o perderam tempo na viagem para JUAZEIRO. Na foto visitando SEU LUNGA no seu estabelecimento comercial. (09-04-2012)<\/p><\/div>\n<div id=\"attachment_38545\" style=\"width: 310px\" class=\"wp-caption aligncenter\"><a href=\"http:\/\/www.r2cpress.com.br\/v1\/wp-content\/uploads\/553.jpg\"><img aria-describedby=\"caption-attachment-38545\" loading=\"lazy\" src=\"http:\/\/www.r2cpress.com.br\/v1\/wp-content\/uploads\/553-300x198.jpg\" alt=\"\" title=\"Com\u00edcio Pol\u00edtico em URU\u00c7UCA \u2013 BA, em prol dos candidatos JO\u00c3O ALFREDO (Ilheense) candidato a Deputado Estadual, JORGE MEDAUAR (Ilheense) candidato a Deputado Federal e ROBERTO SANTOS candidato a Governador do Estado da BAHIA. (Foto: d\u00e9cada de 1970).\" width=\"300\" height=\"198\" class=\"size-medium wp-image-38545\" srcset=\"https:\/\/www.r2cpress.com.br\/v1\/wp-content\/uploads\/553-300x198.jpg 300w, https:\/\/www.r2cpress.com.br\/v1\/wp-content\/uploads\/553.jpg 884w\" sizes=\"(max-width: 300px) 100vw, 300px\" \/><\/a><p id=\"caption-attachment-38545\" class=\"wp-caption-text\">Com\u00edcio Pol\u00edtico em URU\u00c7UCA \u2013 BA, em prol dos candidatos JO\u00c3O ALFREDO (Ilheense) candidato a Deputado Estadual, JORGE MEDAUAR (Ilheense) candidato a Deputado Federal e ROBERTO SANTOS candidato a Governador do Estado da BAHIA. (Foto: d\u00e9cada de 1970).<\/p><\/div>\n<div id=\"attachment_38546\" style=\"width: 310px\" class=\"wp-caption aligncenter\"><a href=\"http:\/\/www.r2cpress.com.br\/v1\/wp-content\/uploads\/653.jpg\"><img aria-describedby=\"caption-attachment-38546\" loading=\"lazy\" src=\"http:\/\/www.r2cpress.com.br\/v1\/wp-content\/uploads\/653-300x199.jpg\" alt=\"\" title=\"Lembran\u00e7a da festa da LAVAGEM DAS ESCADARIAS DA CATEDRAL DE S\u00c3O SEBASTI\u00c3O no \u00faltimo m\u00eas de Janeiro. Aparecem na foto o amigo ISAC GOMES, funcion\u00e1rio da CDL de ILH\u00c9US e sua linda filha REBECCA.\" width=\"300\" height=\"199\" class=\"size-medium wp-image-38546\" srcset=\"https:\/\/www.r2cpress.com.br\/v1\/wp-content\/uploads\/653-300x199.jpg 300w, https:\/\/www.r2cpress.com.br\/v1\/wp-content\/uploads\/653.jpg 884w\" sizes=\"(max-width: 300px) 100vw, 300px\" \/><\/a><p id=\"caption-attachment-38546\" class=\"wp-caption-text\">Lembran\u00e7a da festa da LAVAGEM DAS ESCADARIAS DA CATEDRAL DE S\u00c3O SEBASTI\u00c3O no \u00faltimo m\u00eas de Janeiro. Aparecem na foto o amigo ISAC GOMES, funcion\u00e1rio da CDL de ILH\u00c9US e sua linda filha REBECCA.<\/p><\/div>\n<p><b><center>OS PALACETES DE ILH\u00c9US<\/center><\/b><\/p>\n<div id=\"attachment_38547\" style=\"width: 310px\" class=\"wp-caption aligncenter\"><a href=\"http:\/\/www.r2cpress.com.br\/v1\/wp-content\/uploads\/753.jpg\"><img aria-describedby=\"caption-attachment-38547\" loading=\"lazy\" src=\"http:\/\/www.r2cpress.com.br\/v1\/wp-content\/uploads\/753-300x208.jpg\" alt=\"\" title=\"O PAL\u00c1CIO PARANAGU\u00c1, S\u00c9DE DO GOVERNO MUNICIPAL DE ILH\u00c9US.\" width=\"300\" height=\"208\" class=\"size-medium wp-image-38547\" srcset=\"https:\/\/www.r2cpress.com.br\/v1\/wp-content\/uploads\/753-300x208.jpg 300w, https:\/\/www.r2cpress.com.br\/v1\/wp-content\/uploads\/753.jpg 878w\" sizes=\"(max-width: 300px) 100vw, 300px\" \/><\/a><p id=\"caption-attachment-38547\" class=\"wp-caption-text\">O PAL\u00c1CIO PARANAGU\u00c1, S\u00c9DE DO GOVERNO MUNICIPAL DE ILH\u00c9US.<\/p><\/div>\n<div id=\"attachment_38548\" style=\"width: 310px\" class=\"wp-caption aligncenter\"><a href=\"http:\/\/www.r2cpress.com.br\/v1\/wp-content\/uploads\/852.jpg\"><img aria-describedby=\"caption-attachment-38548\" loading=\"lazy\" src=\"http:\/\/www.r2cpress.com.br\/v1\/wp-content\/uploads\/852-300x197.jpg\" alt=\"\" title=\"Nosso abra\u00e7o para o amigo LEANDRO PINILLOS, antigo comerciante de ILH\u00c9US. Foi s\u00f3cio da loja  A GIRAFA e depois inaugurou a loja O CANGURU na Rua  Rodolfo Vieira. Hoje LEANDRO est\u00e1 aposentado do trabalho. Um dia, quem sabe eu chego l\u00e1.\" width=\"300\" height=\"197\" class=\"size-medium wp-image-38548\" srcset=\"https:\/\/www.r2cpress.com.br\/v1\/wp-content\/uploads\/852-300x197.jpg 300w, https:\/\/www.r2cpress.com.br\/v1\/wp-content\/uploads\/852.jpg 887w\" sizes=\"(max-width: 300px) 100vw, 300px\" \/><\/a><p id=\"caption-attachment-38548\" class=\"wp-caption-text\">Nosso abra\u00e7o para o amigo LEANDRO PINILLOS, antigo comerciante de ILH\u00c9US. Foi s\u00f3cio da loja  A GIRAFA e depois inaugurou a loja O CANGURU na Rua  Rodolfo Vieira. Hoje LEANDRO est\u00e1 aposentado do trabalho. Um dia, quem sabe eu chego l\u00e1.<\/p><\/div>\n<div id=\"attachment_38549\" style=\"width: 210px\" class=\"wp-caption aligncenter\"><a href=\"http:\/\/www.r2cpress.com.br\/v1\/wp-content\/uploads\/952.jpg\"><img aria-describedby=\"caption-attachment-38549\" loading=\"lazy\" src=\"http:\/\/www.r2cpress.com.br\/v1\/wp-content\/uploads\/952-200x300.jpg\" alt=\"\" title=\"No m\u00eas de Mar\u00e7o de 1981 \u00c1DINA SIDNAY (Nainha) era funcion\u00e1ria da JOALHERIA A P\u00c9ROLA de JOS\u00c9 LEITE DE SOUZA.\" width=\"200\" height=\"300\" class=\"size-medium wp-image-38549\" srcset=\"https:\/\/www.r2cpress.com.br\/v1\/wp-content\/uploads\/952-200x300.jpg 200w, https:\/\/www.r2cpress.com.br\/v1\/wp-content\/uploads\/952.jpg 587w\" sizes=\"(max-width: 200px) 100vw, 200px\" \/><\/a><p id=\"caption-attachment-38549\" class=\"wp-caption-text\">No m\u00eas de Mar\u00e7o de 1981 \u00c1DINA SIDNAY (Nainha) era funcion\u00e1ria da JOALHERIA A P\u00c9ROLA de JOS\u00c9 LEITE DE SOUZA.<\/p><\/div>\n<div id=\"attachment_38550\" style=\"width: 310px\" class=\"wp-caption aligncenter\"><a href=\"http:\/\/www.r2cpress.com.br\/v1\/wp-content\/uploads\/1054.jpg\"><img aria-describedby=\"caption-attachment-38550\" loading=\"lazy\" src=\"http:\/\/www.r2cpress.com.br\/v1\/wp-content\/uploads\/1054-300x199.jpg\" alt=\"\" title=\"No m\u00eas de Mar\u00e7o de 2012, \u00c1DNA SIDNAY (Nainha) \u00e9 uma competente Servidora P\u00fablica da Subse\u00e7\u00e3o Judici\u00e1ria da JUSTI\u00c7A FEDERAL EM ILH\u00c9US. PARAB\u00c9NS AMIGA!\" width=\"300\" height=\"199\" class=\"size-medium wp-image-38550\" srcset=\"https:\/\/www.r2cpress.com.br\/v1\/wp-content\/uploads\/1054-300x199.jpg 300w, https:\/\/www.r2cpress.com.br\/v1\/wp-content\/uploads\/1054.jpg 877w\" sizes=\"(max-width: 300px) 100vw, 300px\" \/><\/a><p id=\"caption-attachment-38550\" class=\"wp-caption-text\">No m\u00eas de Mar\u00e7o de 2012, \u00c1DNA SIDNAY (Nainha) \u00e9 uma competente Servidora P\u00fablica da Subse\u00e7\u00e3o Judici\u00e1ria da JUSTI\u00c7A FEDERAL EM ILH\u00c9US. PARAB\u00c9NS AMIGA!<\/p><\/div>\n<div id=\"attachment_38552\" style=\"width: 310px\" class=\"wp-caption aligncenter\"><a href=\"http:\/\/www.r2cpress.com.br\/v1\/wp-content\/uploads\/11_1.jpg\"><img aria-describedby=\"caption-attachment-38552\" loading=\"lazy\" src=\"http:\/\/www.r2cpress.com.br\/v1\/wp-content\/uploads\/11_1-300x192.jpg\" alt=\"\" title=\"Jornal \u201cJUSTI\u00c7A FEDERAL HOJE\u201d de 24\/01\/2012 noticiando a homenagem prestada \u00e0 \u00c1DNA SIDNAY pela Subse\u00e7\u00e3o Judici\u00e1ria de FEIRA DE SANTANA.\" width=\"300\" height=\"192\" class=\"size-medium wp-image-38552\" srcset=\"https:\/\/www.r2cpress.com.br\/v1\/wp-content\/uploads\/11_1-300x192.jpg 300w, https:\/\/www.r2cpress.com.br\/v1\/wp-content\/uploads\/11_1.jpg 563w\" sizes=\"(max-width: 300px) 100vw, 300px\" \/><\/a><p id=\"caption-attachment-38552\" class=\"wp-caption-text\">Jornal \u201cJUSTI\u00c7A FEDERAL HOJE\u201d de 24\/01\/2012 noticiando a homenagem prestada \u00e0 \u00c1DNA SIDNAY pela Subse\u00e7\u00e3o Judici\u00e1ria de FEIRA DE SANTANA.<\/p><\/div>\n<div id=\"attachment_38553\" style=\"width: 310px\" class=\"wp-caption aligncenter\"><a href=\"http:\/\/www.r2cpress.com.br\/v1\/wp-content\/uploads\/1252.jpg\"><img aria-describedby=\"caption-attachment-38553\" loading=\"lazy\" src=\"http:\/\/www.r2cpress.com.br\/v1\/wp-content\/uploads\/1252-300x199.jpg\" alt=\"\" title=\"Encontro de Pol\u00edticos e Fazendeiros na cidade de COARACI \u2013 BA. Da esquerda para a direita o 4\u00b0 \u00e9 o saudoso Pol\u00edtico e Fazendeiro ANTONIO BARBOSA (COARACI) o 5\u00b0 \u00e9 o saudoso JO\u00c3O DIOGO S\u00c1 BARRETO SOUB, foi Prefeito de URU\u00c7UCA e Tio do amigo JOS\u00c9 NAZAL, o 9\u00b0 \u00e9 o Dr. NERIVAL ROSA BARROS, Ex. Prefeito de ILH\u00c9US e hoje morando em PORTO SEGURO e o 10\u00b0 \u00e9 o meu saudoso amigo e colega da Congrega\u00e7\u00e3o Mariana, o Fazendeiro AN\u00cdSIO DA HORA de ILH\u00c9US.\" width=\"300\" height=\"199\" class=\"size-medium wp-image-38553\" srcset=\"https:\/\/www.r2cpress.com.br\/v1\/wp-content\/uploads\/1252-300x199.jpg 300w, https:\/\/www.r2cpress.com.br\/v1\/wp-content\/uploads\/1252.jpg 884w\" sizes=\"(max-width: 300px) 100vw, 300px\" \/><\/a><p id=\"caption-attachment-38553\" class=\"wp-caption-text\">Encontro de Pol\u00edticos e Fazendeiros na cidade de COARACI \u2013 BA. Da esquerda para a direita o 4\u00b0 \u00e9 o saudoso Pol\u00edtico e Fazendeiro ANTONIO BARBOSA (COARACI) o 5\u00b0 \u00e9 o saudoso JO\u00c3O DIOGO S\u00c1 BARRETO SOUB, foi Prefeito de URU\u00c7UCA e Tio do amigo JOS\u00c9 NAZAL, o 9\u00b0 \u00e9 o Dr. NERIVAL ROSA BARROS, Ex. Prefeito de ILH\u00c9US e hoje morando em PORTO SEGURO e o 10\u00b0 \u00e9 o meu saudoso amigo e colega da Congrega\u00e7\u00e3o Mariana, o Fazendeiro AN\u00cdSIO DA HORA de ILH\u00c9US.<\/p><\/div>\n<div id=\"attachment_38554\" style=\"width: 310px\" class=\"wp-caption aligncenter\"><a href=\"http:\/\/www.r2cpress.com.br\/v1\/wp-content\/uploads\/1344.jpg\"><img aria-describedby=\"caption-attachment-38554\" loading=\"lazy\" src=\"http:\/\/www.r2cpress.com.br\/v1\/wp-content\/uploads\/1344-300x195.jpg\" alt=\"\" title=\"Saudades da minha cachorrinha \u201cSUZI\u201d que morreu de velhice \u00e1 10 anos atr\u00e1s. \" width=\"300\" height=\"195\" class=\"size-medium wp-image-38554\" srcset=\"https:\/\/www.r2cpress.com.br\/v1\/wp-content\/uploads\/1344-300x195.jpg 300w, https:\/\/www.r2cpress.com.br\/v1\/wp-content\/uploads\/1344.jpg 777w\" sizes=\"(max-width: 300px) 100vw, 300px\" \/><\/a><p id=\"caption-attachment-38554\" class=\"wp-caption-text\">Saudades da minha cachorrinha \u201cSUZI\u201d que morreu de velhice \u00e1 10 anos atr\u00e1s. <\/p><\/div>\n<p><b><center>E NO MAIS&#8230;<\/center><\/b><\/p>\n<div id=\"attachment_38555\" style=\"width: 310px\" class=\"wp-caption aligncenter\"><a href=\"http:\/\/www.r2cpress.com.br\/v1\/wp-content\/uploads\/1435.jpg\"><img aria-describedby=\"caption-attachment-38555\" loading=\"lazy\" src=\"http:\/\/www.r2cpress.com.br\/v1\/wp-content\/uploads\/1435-300x197.jpg\" alt=\"\" title=\"Foto in\u00e9dita da Paranormal MARIA DO CARMO (MARIA DOS OLHOS DE RAIOS-X personagem principal do livro \u201cA UM SOPRO DO INFINITO\u201d) aparece ainda Cel. GERALDO DIAS, JOS\u00c9 LEITE e DR. GERALDO MENEZES BARBOSA. JUAZEIRO DO NORTE (Data: 09-04-2012).\" width=\"300\" height=\"197\" class=\"size-medium wp-image-38555\" srcset=\"https:\/\/www.r2cpress.com.br\/v1\/wp-content\/uploads\/1435-300x197.jpg 300w, https:\/\/www.r2cpress.com.br\/v1\/wp-content\/uploads\/1435.jpg 887w\" sizes=\"(max-width: 300px) 100vw, 300px\" \/><\/a><p id=\"caption-attachment-38555\" class=\"wp-caption-text\">Foto in\u00e9dita da Paranormal MARIA DO CARMO (MARIA DOS OLHOS DE RAIOS-X personagem principal do livro \u201cA UM SOPRO DO INFINITO\u201d) aparece ainda Cel. GERALDO DIAS, JOS\u00c9 LEITE e DR. GERALDO MENEZES BARBOSA. JUAZEIRO DO NORTE (Data: 09-04-2012).<\/p><\/div>\n<p>&#8212;<br \/>\nTexto e fotos: Jos\u00e9 Leite de Souza<br \/>\njleitesouza@hotmail.com<\/p>\n","protected":false},"excerpt":{"rendered":"<p>1) UMA FATURA DA \u201cLOJA FELIZ LEMBRAN\u00c7A\u201d DE 115 ANOS ATR\u00c1S. 2) AS FOTOS DESTAQUES DA SEMANA.<\/p>\n","protected":false},"author":2,"featured_media":0,"comment_status":"open","ping_status":"open","sticky":false,"template":"","format":"standard","meta":{"_links_to":"","_links_to_target":""},"categories":[10],"tags":[],"_links":{"self":[{"href":"https:\/\/www.r2cpress.com.br\/v1\/wp-json\/wp\/v2\/posts\/38536"}],"collection":[{"href":"https:\/\/www.r2cpress.com.br\/v1\/wp-json\/wp\/v2\/posts"}],"about":[{"href":"https:\/\/www.r2cpress.com.br\/v1\/wp-json\/wp\/v2\/types\/post"}],"author":[{"embeddable":true,"href":"https:\/\/www.r2cpress.com.br\/v1\/wp-json\/wp\/v2\/users\/2"}],"replies":[{"embeddable":true,"href":"https:\/\/www.r2cpress.com.br\/v1\/wp-json\/wp\/v2\/comments?post=38536"}],"version-history":[{"count":3,"href":"https:\/\/www.r2cpress.com.br\/v1\/wp-json\/wp\/v2\/posts\/38536\/revisions"}],"predecessor-version":[{"id":38558,"href":"https:\/\/www.r2cpress.com.br\/v1\/wp-json\/wp\/v2\/posts\/38536\/revisions\/38558"}],"wp:attachment":[{"href":"https:\/\/www.r2cpress.com.br\/v1\/wp-json\/wp\/v2\/media?parent=38536"}],"wp:term":[{"taxonomy":"category","embeddable":true,"href":"https:\/\/www.r2cpress.com.br\/v1\/wp-json\/wp\/v2\/categories?post=38536"},{"taxonomy":"post_tag","embeddable":true,"href":"https:\/\/www.r2cpress.com.br\/v1\/wp-json\/wp\/v2\/tags?post=38536"}],"curies":[{"name":"wp","href":"https:\/\/api.w.org\/{rel}","templated":true}]}}