{"id":3874,"date":"2010-12-06T14:47:40","date_gmt":"2010-12-06T17:47:40","guid":{"rendered":"http:\/\/www.r2cpress.com.br\/v1\/?p=3874"},"modified":"2010-12-06T14:47:40","modified_gmt":"2010-12-06T17:47:40","slug":"prefeitura-municipal-de-ilheus-30","status":"publish","type":"post","link":"https:\/\/www.r2cpress.com.br\/v1\/2010\/12\/06\/prefeitura-municipal-de-ilheus-30\/","title":{"rendered":"Prefeitura Municipal de Ilh\u00e9us"},"content":{"rendered":"<p><div id=\"attachment_3875\" style=\"width: 310px\" class=\"wp-caption alignnone\"><a href=\"http:\/\/www.r2cpress.com.br\/v1\/wp-content\/uploads\/PMI-06-12-2010.jpg\"><img aria-describedby=\"caption-attachment-3875\" loading=\"lazy\" src=\"http:\/\/www.r2cpress.com.br\/v1\/wp-content\/uploads\/PMI-06-12-2010-300x267.jpg\" alt=\"\" title=\"PMI 06 12 2010\" width=\"300\" height=\"267\" class=\"size-medium wp-image-3875\" srcset=\"https:\/\/www.r2cpress.com.br\/v1\/wp-content\/uploads\/PMI-06-12-2010-300x267.jpg 300w, https:\/\/www.r2cpress.com.br\/v1\/wp-content\/uploads\/PMI-06-12-2010.jpg 700w\" sizes=\"(max-width: 300px) 100vw, 300px\" \/><\/a><p id=\"caption-attachment-3875\" class=\"wp-caption-text\">A\u00c7\u00d5ES DA PREFEITURA DE ILH\u00c9US<\/p><\/div><br \/>\nNavio italiano traz 2.500 turistas a Ilh\u00e9us<br \/>\nEduca\u00e7\u00e3o discute planejamento pedag\u00f3gico para o pr\u00f3ximo ano<br \/>\nTudo pronto para a Corrida Tem\u00e1tica da Costa do Cacau<br \/>\nInfraestrutura recupera logradouros p\u00fablicos   <\/p>\n<p><!--more--><\/p>\n<p>***<\/p>\n<p><strong>Navio italiano traz 2.500 turistas a Ilh\u00e9us <\/strong><\/p>\n<p>Aportou na manh\u00e3 desta segunda-feira (6) no porto de Ilh\u00e9us, trazendo 2.500 cruzeiristas brasileiros, boa parte deles oriundos de S\u00e3o Paulo, o terceiro navio da temporada 2010\/2011. Considerado um dos transatl\u00e2nticos mais luxuosos do mundo, o MSC Orchestra deixa o munic\u00edpio por volta das 17 horas, com destino ao porto de Macei\u00f3, no estado de Alagoas. Ap\u00f3s ser saudados por \u2018baianas\u2019, \u2018nacibs\u2019 e \u2018gabrielas\u2019 e conhecer a batida inconfund\u00edvel do grupo afro Rastafary, os cruzeiristas do MSC Orchestra se dirigiram ao estande de informa\u00e7\u00f5es da Secretaria de Turismo quando obtiveram as primeiras informa\u00e7\u00f5es sobre a cidade. <\/p>\n<p>Seguindo a tend\u00eancia dos anos anteriores, os cruzeiristas do Orchestra optaram na sua grande maioria por conhecer as praias, o centro hist\u00f3rico da cidade e as fazendas de cacau. Com um gasto m\u00e9dio di\u00e1rio de R$ 50.00, os milhares de cruzeiristas que visitar\u00e3o o munic\u00edpio at\u00e9 14 de abril devem auxiliar o aquecimento da economia ilheense, incrementando o movimento nas lojas, restaurantes e cabanas de praias, al\u00e9m dos prestadores de servi\u00e7os.<\/p>\n<p>Este ano, o receptivo montado pela Prefeitura de Ilh\u00e9us inclui um estande mais amplo, com guias de atendimento fluentes em quatro idiomas, boxes para t\u00e1xis, vans e locadoras de ve\u00edculos e um tarif\u00e1rio que est\u00e1 sendo distribu\u00eddo ao lado do folder promocional da cidade. O pr\u00f3ximo transatl\u00e2ntico a aportar no porto de Ilh\u00e9us ser\u00e1 o Costa Serena, que chega neste s\u00e1bado (11), oriundo de Salvador e com destino ao Rio de Janeiro.\t<\/p>\n<p>Orchestra &#8211; Com mistura de design, conforto e seguran\u00e7a, o navio italiano MSC Orchestra oferece ao cruzeirista uma gama de servi\u00e7os e comodidades. Entre eles, minigolf, t\u00eanis, boate, v\u00eddeo game, jogging, saunas, talassoterapia, academia de gin\u00e1stica, sal\u00e3o de beleza, solarium, teatro, cinema, cassino, biblioteca, galeria de arte, sushi bar, internet, cigar room, boutiques, centro m\u00e9dico, shopping, jacuzzis, piscinas de adulto e piscinas infantis. Com quase mil tripulantes, o MSC Orchestra possui 32 metros de largura, 300 metros de comprimento e pode chegar a 23 n\u00f3s de velocidade.<\/p>\n<p>Al\u00e9m do MSC Armonia (12.10), do Aidacara (01.12\/17.02\/14.04) e do MSC Orchestra (06.12\/25.12\/04.01\/13.01\/17.01\/24.01\/31.01\/07.02\/14.02\/21.02 e 28\/03), tamb\u00e9m estar\u00e3o aportando em Ilh\u00e9us nesta temporada os seguintes transatl\u00e2nticos: Costa Serena (11.12\/30.12\/12.01\/19.01\/26.01\/02.02\/09.02\/23.02\/02.03\/09.03.\/19.03), CVC Soberano (19.12\/05.01), Grand Mistral (01.01\/16.01\/31.01\/12.02\/02.03), MSC Musica (06.01\/20.01\/03.02\/17.02\/03.03\/03.07), Vision Of The Seas (23.02) e Costa Fortuna (21.03). <\/p>\n<p><strong>Educa\u00e7\u00e3o discute planejamento pedag\u00f3gico para o pr\u00f3ximo ano <\/strong><\/p>\n<p>A secret\u00e1ria da Educa\u00e7\u00e3o, Lidiney Campos, abriu na \u00faltima sexta-feira (3) o curso de forma\u00e7\u00e3o para profissionais da educa\u00e7\u00e3o da rede municipal de ensino em Ilh\u00e9us. O evento foi realizado na Pousada Barra de S\u00e3o Miguel, zona norte da cidade, e contou com a participa\u00e7\u00e3o de gestores escolares, equipe t\u00e9cnica-pedag\u00f3gica e administrativa da secretaria da Educa\u00e7\u00e3o. Ao dar boas-vindas ao p\u00fablico, Lidiney proferiu a palestra \u201cO olhar atento para todos\u201d, ressaltando o comprometimento que deve haver entre os profissionais da educa\u00e7\u00e3o e os alunos, assim como tamb\u00e9m com toda a sociedade. <\/p>\n<p>O curso trouxe o tema \u201cAmpliando o olhar de todos por uma educa\u00e7\u00e3o de qualidade\u201d e se voltou para a discuss\u00e3o \u2013 ao longo do dia \u2013 de diversos temas como \u201cBoas pr\u00e1ticas de gest\u00e3o pedag\u00f3gica\u201d, que teve como mediadora a diretora t\u00e9cnico-pedag\u00f3gica da secretaria, Sonaly Pimenta, e \u201cOrienta\u00e7\u00f5es sobre as obriga\u00e7\u00f5es sociais do servidor p\u00fablico\u201d, tem\u00e1tica ministrada pelo secret\u00e1rio da Administra\u00e7\u00e3o de Ilh\u00e9us, Antonio Bezerra. \u201cO encontro serviu para tirar as principais d\u00favidas dos gestores com rela\u00e7\u00e3o a prazos e demais obriga\u00e7\u00f5es do setor administrativo\u201d, explicou Bezerra.<\/p>\n<p> O resultado de pesquisa realizada pela S\u00f3cio Estat\u00edstica sobre a educa\u00e7\u00e3o do munic\u00edpio referente aos ensinos infantil e fundamental foi discutido durante o evento, e teve como mediador o soci\u00f3logo e diretor da empresa, Agenor Gasparetto. A avalia\u00e7\u00e3o, na opini\u00e3o de Gasparetto \u201c\u00e9 um instrumento importante para nortear as a\u00e7\u00f5es da educa\u00e7\u00e3o a ser implantadas em 2011\u201d. Al\u00e9m de orientar as atividades da rede municipal de ensino, a pesquisa, no entendimento Lidiney Campos, \u201cvai ajudar ainda a conhecer de maneira mais aprofundada a real situa\u00e7\u00e3o da educa\u00e7\u00e3o em Ilh\u00e9us, que vem evoluindo muito ao longo dos anos\u201d.<\/p>\n<p>Junto com a diretora Sonaly Pimenta, o diretor administrativo Senildo Santana mediou o tema \u201cPlanejando e refletindo nossas a\u00e7\u00f5es\u201d, que teve como foco o planejamento pedag\u00f3gico para 2011, e a coordenadora do projeto Arte e Dan\u00e7a, a core\u00f3grafa So\u00e2nny Marry abordou o tema \u201cOlhando, movimentando, dan\u00e7ando, representando\u201d. Dentro das atividades voltadas para discutir o planejamento pedag\u00f3gico de 2011 est\u00e3o a realiza\u00e7\u00e3o de duas confer\u00eancias agendadas para os meses de mar\u00e7o e maio. <\/p>\n<p><strong>Tudo pronto para a Corrida Tem\u00e1tica da Costa do Cacau<\/strong><\/p>\n<p>Moradores do Outeiro de S\u00e3o Sebasti\u00e3o, avenidas 2 de Julho e Soares Lopes e das ruas que comp\u00f5em o Quarteir\u00e3o Jorge Amado, no centro de Ilh\u00e9us, est\u00e3o recebendo desde a \u00faltima semana material informativo com informa\u00e7\u00f5es sobre o percurso, entre outras, da III edi\u00e7\u00e3o da Corrida Tem\u00e1tica da Costa do Cacau, que acontece neste domingo (12), com largada prevista para \u00e0s 8h30min, da pra\u00e7a Dom Eduardo. Cerca de 200 participantes j\u00e1 confirmaram presen\u00e7a no evento que conta com o apoio da prefeitura e patroc\u00ednio da Bahia Minera\u00e7\u00e3o. <\/p>\n<p>A corrida ter\u00e1 o seguinte percurso: sa\u00edda da pra\u00e7a da catedral S\u00e3o Sebasti\u00e3o, avenida Soares Lopes at\u00e9 a concha ac\u00fastica, retorno pela pr\u00f3pria avenida, contorno pela pra\u00e7a Ruy Barbosa, seguindo pela rua Coronel Paiva e avenida 2 de Julho, entrando na segunda rua \u00e0 esquerda sentido Bataclan, seguindo para a praia do Cristo e continuando at\u00e9 a pra\u00e7a da catedral S\u00e3o Sebasti\u00e3o. De acordo com a coordena\u00e7\u00e3o geral do evento ser\u00e3o duas voltas de cinco quil\u00f4metros. At\u00e9 este s\u00e1bado (11) os atletas supervisionados e liberados pela Federa\u00e7\u00e3o Bahiana de Atletismo devem chegar a Ilh\u00e9us, vindos num \u00f4nibus da via\u00e7\u00e3o \u00c1guia Branca, outra parceira do evento. <\/p>\n<p>A Secretaria de Seguran\u00e7a, Transporte e Tr\u00e2nsito vai monitorar e auxiliar o tr\u00e2nsito visando, principalmente, a seguran\u00e7a dos atletas e do p\u00fablico que for prestigiar o evento. Das 7 \u00e0s 11 horas, o tr\u00e2nsito pr\u00f3ximo ao local da corrida estar\u00e1 interditado. A prova vai reunir membros da Liga de Atletismo de Ilh\u00e9us e da Associa\u00e7\u00e3o Itabunense de Atletismo, al\u00e9m de atletas de Salvador e de outros estados. A corrida conta com o \u2018permit\u2019 da Federa\u00e7\u00e3o Bahiana de Atletismo, entidade que destaca o crescimento dos clubes de corrida formados por profissionais de educa\u00e7\u00e3o f\u00edsica, com especialidade em atletismo. <\/p>\n<p> A inscri\u00e7\u00e3o pode ser feita at\u00e9 esta quarta-feira (8) na loja Costa do Cacau (aeroporto de Ilh\u00e9us Jorge Amado) e banca Ilh\u00e9us Revista (Largo Cultural). Quem optar pela inscri\u00e7\u00e3o online pode faz\u00ea-la pelo site www.costadocacau.com.br.  Al\u00e9m de dois quilos de alimentos n\u00e3o perec\u00edveis, a taxa custa R$ 15,00 nos postos fixos e 19 reais atrav\u00e9s da internet. O kit de participa\u00e7\u00e3o da corrida tem\u00e1tica que pode ser retirado um dia antes da corrida, a partir das horas, tamb\u00e9m na Unif\u00edsio, inclui camiseta, n\u00famero de peito e chip de cronometragem (que deve ser amarrado ao cadar\u00e7o do t\u00eanis, sendo obrigat\u00f3rios o seu uso e a devolu\u00e7\u00e3o no final). Uma camiseta comemorativa tamb\u00e9m ser\u00e1 entregue aos participantes da corrida. <\/p>\n<p><strong>Caminhada <\/strong>&#8211; Em parceria com o Lions Clube de Ilh\u00e9us, tamb\u00e9m ser\u00e1 realizada no dia 12 a III Caminhada Costa do Cacau, com percurso de 2,5 quil\u00f4metros na avenida Soares Lopes, com direito a camiseta, anima\u00e7\u00e3o e dicas de sa\u00fade para o ver\u00e3o. A inscri\u00e7\u00e3o para a caminhada tem\u00e1tica pode ser realizada no dia 11 de dezembro (s\u00e1bado), a partir das 10 horas, na Cl\u00ednica de Fisioterapia Unif\u00edsio, 396, da avenida Soares Lopes, com a entrega de dois quilos de alimentos n\u00e3o perec\u00edveis. No momento da inscri\u00e7\u00e3o cada participante recebe uma camiseta comemorativa.<\/p>\n<p><strong>Premia\u00e7\u00e3o <\/strong>\u2013 Al\u00e9m de pr\u00eamios em dinheiro, trof\u00e9us e medalhas para os primeiros tr\u00eas colocados em casa categoria, a III Caminhada Tem\u00e1tica da Costa do Cacau, atrav\u00e9s de parceria com o com o P\u00f3lo de Inform\u00e1tica de Ilh\u00e9us vai premiar os primeiros colocados no masculino e feminino com um notebook, cada.<\/p>\n<p><strong>Infraestrutura recupera logradouros p\u00fablicos   <\/strong><\/p>\n<p>Diversas ruas e pra\u00e7as de Ilh\u00e9us est\u00e3o passando por obras de recupera\u00e7\u00e3o. A informa\u00e7\u00e3o \u00e9 do secret\u00e1rio municipal da Infraestrutura, Marconi Queiroz, que faz um balan\u00e7o das interven\u00e7\u00f5es urbanas realizadas por conta da Opera\u00e7\u00e3o Ver\u00e3o. A opera\u00e7\u00e3o tapa-buracos est\u00e1 em andamento e o bairro que recebe essa melhoria na sua malha vi\u00e1ria \u00e9 o Teot\u00f4nio Vilela.<\/p>\n<p>\u201cAt\u00e9 a semana passada conclu\u00edmos a opera\u00e7\u00e3o tapa-buracos na avenida Soares Lopes, 13 de Maio e Coronel Pessoa, no bairro do Pontal, e na rua Am\u00e9lia Nunes, que liga a pra\u00e7a Cairu \u00e0 ponte Lomanto J\u00fanior\u201d, informa o secret\u00e1rio Marconi Queiroz, acrescentando que os servi\u00e7os ser\u00e3o feitos em todas as ruas e avenidas da cidade, ainda durante o m\u00eas.<\/p>\n<p>Outra \u00e1rea que tem merecido a aten\u00e7\u00e3o da Secretaria da Infraestrutura \u00e9 a ladeira Nova Esperan\u00e7a, que recebe obras de drenagem e pavimenta\u00e7\u00e3o em toda sua extens\u00e3o. Segundo o secret\u00e1rio, a obra \u00e9 bastante complexa devido o cal\u00e7amento a paralelep\u00edpedos ser num local com curvas inclina\u00e7\u00e3o, o que exige t\u00e9cnica diferenciada na sua manuten\u00e7\u00e3o.<\/p>\n<p>Outra \u00e1rea que mereceu o destaque da secretaria \u00e9 o bairro Cidade Nova, que passa por interven\u00e7\u00e3o em praticamente toda a rede de drenagem pluvial. A primeira etapa da obra est\u00e1 prevista para ser entregue aos moradores ainda no final deste m\u00eas. \u201cJ\u00e1 come\u00e7amos a liberar as ruas cujas obras foram conclu\u00eddas e dentre em breve teremos toda aquela \u00e1rea finalizada. Esta obra recebeu uma aten\u00e7\u00e3o especial e todos os constantes problemas apresentados est\u00e3o sendo sanados\u201d, garantiu o secret\u00e1rio.<\/p>\n","protected":false},"excerpt":{"rendered":"<p>Navio italiano traz 2.500 turistas a Ilh\u00e9us Educa\u00e7\u00e3o discute planejamento pedag\u00f3gico para o pr\u00f3ximo ano Tudo pronto para a Corrida Tem\u00e1tica da Costa do Cacau Infraestrutura recupera logradouros p\u00fablicos<\/p>\n","protected":false},"author":2,"featured_media":0,"comment_status":"open","ping_status":"open","sticky":false,"template":"","format":"standard","meta":{"_links_to":"","_links_to_target":""},"categories":[23],"tags":[],"_links":{"self":[{"href":"https:\/\/www.r2cpress.com.br\/v1\/wp-json\/wp\/v2\/posts\/3874"}],"collection":[{"href":"https:\/\/www.r2cpress.com.br\/v1\/wp-json\/wp\/v2\/posts"}],"about":[{"href":"https:\/\/www.r2cpress.com.br\/v1\/wp-json\/wp\/v2\/types\/post"}],"author":[{"embeddable":true,"href":"https:\/\/www.r2cpress.com.br\/v1\/wp-json\/wp\/v2\/users\/2"}],"replies":[{"embeddable":true,"href":"https:\/\/www.r2cpress.com.br\/v1\/wp-json\/wp\/v2\/comments?post=3874"}],"version-history":[{"count":2,"href":"https:\/\/www.r2cpress.com.br\/v1\/wp-json\/wp\/v2\/posts\/3874\/revisions"}],"predecessor-version":[{"id":3877,"href":"https:\/\/www.r2cpress.com.br\/v1\/wp-json\/wp\/v2\/posts\/3874\/revisions\/3877"}],"wp:attachment":[{"href":"https:\/\/www.r2cpress.com.br\/v1\/wp-json\/wp\/v2\/media?parent=3874"}],"wp:term":[{"taxonomy":"category","embeddable":true,"href":"https:\/\/www.r2cpress.com.br\/v1\/wp-json\/wp\/v2\/categories?post=3874"},{"taxonomy":"post_tag","embeddable":true,"href":"https:\/\/www.r2cpress.com.br\/v1\/wp-json\/wp\/v2\/tags?post=3874"}],"curies":[{"name":"wp","href":"https:\/\/api.w.org\/{rel}","templated":true}]}}