{"id":3896,"date":"2010-12-06T22:25:57","date_gmt":"2010-12-07T01:25:57","guid":{"rendered":"http:\/\/www.r2cpress.com.br\/v1\/?p=3896"},"modified":"2010-12-06T22:26:30","modified_gmt":"2010-12-07T01:26:30","slug":"assaltante-comparsa-de-lequinho-da-detalhes-sobre-execucao-das-adolescentes-decapitadas","status":"publish","type":"post","link":"https:\/\/www.r2cpress.com.br\/v1\/2010\/12\/06\/assaltante-comparsa-de-lequinho-da-detalhes-sobre-execucao-das-adolescentes-decapitadas\/","title":{"rendered":"Assaltante comparsa de Lequinho d\u00e1 detalhes sobre execu\u00e7\u00e3o das adolescentes decapitadas"},"content":{"rendered":"<p><em><strong>Cris e o irm\u00e3o t\u00eam envolvimento em assaltos, especialmente nos do tipo &#8220;saidinha banc\u00e1ria&#8221;<\/strong><\/em><\/p>\n<p><div style=\"width: 210px\" class=\"wp-caption alignleft\"><img loading=\"lazy\" alt=\"Cris negou envolvimento direto nas mortes (Foto: Divulga\u00e7\u00e3o \/ SSP).\" src=\"http:\/\/www.correio24horas.com.br\/fileadmin\/user_upload\/tt_news\/pics\/8090.jpg\" title=\"Cris negou envolvimento direto nas mortes (Foto: Divulga\u00e7\u00e3o \/ SSP).\" width=\"200\" height=\"160\" \/><p class=\"wp-caption-text\">Cris negou envolvimento direto nas mortes (Foto: Divulga\u00e7\u00e3o \/ SSP).<\/p><\/div>Um dos suspeitos de ter liga\u00e7\u00e3o com a morte das duas adolescentes Gabriela Alves Nunes, de 13 anos, e Jana\u00edna Brito Concei\u00e7\u00e3o, de 16 anos, deu mais detalhes sobre as circunst\u00e2ncias do assassinato das jovens, que foram decapitadas e tiveram os corpos abandonados na avenida San Martin. Preso desde a sexta-feira, Jarbas Cristiano Chaves de Souza, o Cris, 24 anos, negou ter envolvimento direto no assassinato das garotas. Ele e seu irm\u00e3o Wisley Chaves de Souza, o Will, foram detidos em Aratuba, na Ilha de Itaparica, e apresentados \u00e0 imprensa nesta segunda-feira (6).<\/p>\n<p>Segundo Cris, ele faz parte do bando de Adriano, Lequinho e RIsovaldo Hora Costa, o Riso, apontados como autores da execu\u00e7\u00e3o das adolescentes. Ele disse que participou, com Adriano e outros dois comparsas, de um assalto a um dep\u00f3sito de bebidas, em Pero Vaz, quando foi usado o Fiat Punto que depois serviu para abandonar os corpos das garotas na San Martin.<\/p>\n<p><!--more--><\/p>\n<p>Depois do roubo, o bando foi para a Nova Divin\u00e9ia, onde encontraram Lequinho com as duas adolescentes. Lequinho disse a todos que uma das garotas namorava Alan, l\u00edder do tr\u00e1fico na regi\u00e3o de Manguinho, no Engenho Velho da Federa\u00e7\u00e3o. O grupo pretendia invadir o Manguinho e perguntaram \u00e0s adolescentes onde Alan escondia as armas e as drogas. Jana\u00edna teria indicado um lugar onde seria o esconderijo de Alan.<\/p>\n<div style=\"width: 369px\" class=\"wp-caption alignnone\"><img loading=\"lazy\" alt=\"           Pai de Jana\u00edna mostra foto da jovem e pede justi\u00e7a\" src=\"http:\/\/www.correio24horas.com.br\/uploads\/RTEmagicC_jovem.jpg.jpg\" title=\"           Pai de Jana\u00edna mostra foto da jovem e pede justi\u00e7a\" width=\"359\" height=\"540\" \/><p class=\"wp-caption-text\">           Pai de Jana\u00edna mostra foto da jovem e pede justi\u00e7a<\/p><\/div>\n<p>Logo depois, Lequinho telefonou para um comparsa, ainda n\u00e3o identificado, que disse que a informa\u00e7\u00e3o das garotas era mentira e que elas estavam tentando atra\u00ed-los para uma armadilha. Depois disso, segundo o depoimento de Cris, as duas come\u00e7aram a ser agredidas com socos e pontap\u00e9s. Nessa hora, Cris disse que saiu para comprar comida e que Lequinho passou por ele com um fac\u00e3o, dizendo que iria amol\u00e1-lo.<\/p>\n<p>Cris negou ter envolvimento na execu\u00e7\u00e3o das adolescentes, dizendo que passou todo o tempo vigiando um ponto que d\u00e1 acesso \u00e0 comunidade para o caso da pol\u00edcia chegar. Depois, segundo ele, o grupo se reuniu e decidiu abandonar os corpos na avenida San Martin &#8211; para tentar atribuir a culpa a outra quadrilha de traficantes, que atua na \u00e1rea.<\/p>\n<p>Cris e o irm\u00e3o t\u00eam envolvimento em assaltos, especialmente nos do tipo &#8220;saidinha banc\u00e1ria&#8221; e foram presos em uma investiga\u00e7\u00e3o para coibir este tipo de crime. Com eles, foi apreendido um celular que cont\u00e9m mensagens que podem ajudar a pol\u00edcia na investiga\u00e7\u00e3o. Os dois est\u00e3o detidos na Delegacia de Repress\u00e3o a Furtos e Roubos (DRFR). Segundo a Secretaria de Seguran\u00e7a P\u00fablico (SSP) as buscas por Lequinho e Riso foram intensificadas.<\/p>\n<p>Reda\u00e7\u00e3o <a href = \"http:\/\/www.correio24horas.com.br\/noticias\/detalhes\/detalhes-3\/artigo\/assaltante-comparsa-de-lequinho-da-detalhes-sobre-execucao-das-adolescentes-decapitadas\/\" target = \"_news\"><b>CORREIO DA BAHIA<\/b><\/a><\/p>\n","protected":false},"excerpt":{"rendered":"<p>Cris e o irm\u00e3o t\u00eam envolvimento em assaltos, especialmente nos do tipo &#8220;saidinha banc\u00e1ria&#8221; Um dos suspeitos de ter liga\u00e7\u00e3o com a morte das duas adolescentes Gabriela Alves Nunes, de 13 anos, e Jana\u00edna Brito Concei\u00e7\u00e3o, de 16 anos, deu mais detalhes sobre as circunst\u00e2ncias do assassinato das jovens, que foram decapitadas e tiveram os [&hellip;]<\/p>\n","protected":false},"author":2,"featured_media":0,"comment_status":"open","ping_status":"open","sticky":false,"template":"","format":"standard","meta":{"_links_to":"","_links_to_target":""},"categories":[25],"tags":[],"_links":{"self":[{"href":"https:\/\/www.r2cpress.com.br\/v1\/wp-json\/wp\/v2\/posts\/3896"}],"collection":[{"href":"https:\/\/www.r2cpress.com.br\/v1\/wp-json\/wp\/v2\/posts"}],"about":[{"href":"https:\/\/www.r2cpress.com.br\/v1\/wp-json\/wp\/v2\/types\/post"}],"author":[{"embeddable":true,"href":"https:\/\/www.r2cpress.com.br\/v1\/wp-json\/wp\/v2\/users\/2"}],"replies":[{"embeddable":true,"href":"https:\/\/www.r2cpress.com.br\/v1\/wp-json\/wp\/v2\/comments?post=3896"}],"version-history":[{"count":3,"href":"https:\/\/www.r2cpress.com.br\/v1\/wp-json\/wp\/v2\/posts\/3896\/revisions"}],"predecessor-version":[{"id":3899,"href":"https:\/\/www.r2cpress.com.br\/v1\/wp-json\/wp\/v2\/posts\/3896\/revisions\/3899"}],"wp:attachment":[{"href":"https:\/\/www.r2cpress.com.br\/v1\/wp-json\/wp\/v2\/media?parent=3896"}],"wp:term":[{"taxonomy":"category","embeddable":true,"href":"https:\/\/www.r2cpress.com.br\/v1\/wp-json\/wp\/v2\/categories?post=3896"},{"taxonomy":"post_tag","embeddable":true,"href":"https:\/\/www.r2cpress.com.br\/v1\/wp-json\/wp\/v2\/tags?post=3896"}],"curies":[{"name":"wp","href":"https:\/\/api.w.org\/{rel}","templated":true}]}}