{"id":3900,"date":"2010-12-06T22:34:34","date_gmt":"2010-12-07T01:34:34","guid":{"rendered":"http:\/\/www.r2cpress.com.br\/v1\/?p=3900"},"modified":"2010-12-06T22:34:34","modified_gmt":"2010-12-07T01:34:34","slug":"fluminense-recebe-a-taca-em-festa-marcada-por-provocacao-corintiana","status":"publish","type":"post","link":"https:\/\/www.r2cpress.com.br\/v1\/2010\/12\/06\/fluminense-recebe-a-taca-em-festa-marcada-por-provocacao-corintiana\/","title":{"rendered":"Fluminense recebe a ta\u00e7a em festa marcada por provoca\u00e7\u00e3o corintiana"},"content":{"rendered":"<p><em><strong>Presidente do Corinthians faz cr\u00edtica indireta ao Tricolor carioca e \u00e9 vaiado pelos torcedores tricolores na entrega do Pr\u00eamio Craque Brasileir\u00e3o 2010<\/strong><\/em><\/p>\n<p>Um dia depois de comemorar o t\u00edtulo brasileiro depois de 24 anos, os jogadores do Fluminense puderam concretizar o sonho de erguer a ta\u00e7a de campe\u00e3o nacional de 2010. Entregue pelas m\u00e3os de um torcedor ilustre do Corinthians, clube que disputou a ta\u00e7a com o Tricolor carioca at\u00e9 a \u00faltima rodada: Luis In\u00e1cio Lula da Silva. Fred e Conca, ladeados por seus companheiros, receberam o trof\u00e9u do presidente da Rep\u00fablica no encerramento do Pr\u00eamio Craque Brasileir\u00e3o, realizado na noite desta segunda-feira, no Theatro Municipal, no Centro do Rio de Janeiro.<\/p>\n<p>E a disputa entre os dois clubes esteve no centro do momento mais pol\u00eamico da festa, que teve como protagonista o presidente do Corinthians. Chamado ao palco como parte da homenagem ao centen\u00e1rio do clube, Andr\u00e9s Sanches provocou indiretamente o Fluminense.<\/p>\n<p>&#8211; Descemos e voltamos pela porta da frente &#8211; disse, se referindo, sem citar o nome do Tricolor carioca, ao fato do Flu n\u00e3o ter passado pela S\u00e9rie B, passando diretamente da Terceira Divis\u00e3o para a Primeira com a cria\u00e7\u00e3o da Copa Jo\u00e3o Havelange em 2000.<\/p>\n<p>Na primeira fila, o presidente do Flu, Roberto Horcades, balan\u00e7ou a cabe\u00e7a em sinal de desaprova\u00e7\u00e3o. E os torcedores do clube presentes ao Theatro Municipal vaiaram intensamente o dirigente corintiano, que alegou n\u00e3o estar se referindo ao clube carioca antes de decidir encerrar o seu curto discurso diante dos protestos. E teve que ouvir um coro ironizando o fato do clube paulista n\u00e3o ter conquistado t\u00edtulos relevantes em seu centen\u00e1rio.<\/p>\n<p>&#8211; \u00c9 centernada. \u00c9 centernada &#8211; gritaram os tricolores.<\/p>\n<p><!--more--><\/p>\n<p>Apesar de ficado sem a ta\u00e7a, o Corinthians foi o clube com maior n\u00famero de representantes na sele\u00e7\u00e3o do Brasileir\u00e3o 2010, com tr\u00eas nomes: Roberto Carlos, Elias e Jucilei. O campe\u00e3o Fluminense e o vice Cruzeiro foram os outros clubes com mais um de eleito: Mariano e Conca pelo Flu, e F\u00e1bio e Montillo pelo time mineiro. Gr\u00eamio (Jonas), S\u00e3o Paulo (Miranda), Santos (Neymar) e Vasco (Ded\u00e9). O Tim\u00e3o tamb\u00e9m teve a revela\u00e7\u00e3o da competi\u00e7\u00e3o &#8211; Bruno C\u00e9sar.<\/p>\n<p>Mas o argentino Conca foi o grande vencedor na noite. Al\u00e9m de ser escolhido o meia pela esquerda, o camisa 11 do Fluminense ganhou o pr\u00eamio de melhor jogador da competi\u00e7\u00e3o e eleito pelos internautas o craque da galera.<\/p>\n<p>Ronaldo foi um dos homenageados da noite. Muito emocionado com a apresenta\u00e7\u00e3o de imagens de sua carreira, o atacante destacou o orgulho de ter defendido a sele\u00e7\u00e3o brasileira por 12 anos (de 1994 a 2006) e disse que espera servir de exemplo para as crian\u00e7as do Brasil.<\/p>\n<p>Campe\u00f5es da S\u00e9rie B e C, respectivamente, Coritiba e ABC tamb\u00e9m receberam seus trof\u00e9us. O Bahia, que tamb\u00e9m retorna \u00e0 elite do futebol nacional em 2011, foi lembrado pelo apoio de seus torcedores, que receberam o t\u00edtulo de &#8220;torcida de ouro 2010&#8221;.<\/p>\n<p>Os campe\u00f5es mundiais em 70 tamb\u00e9m foram homenageados, recebendo medalhas, entregues pelo presidente de honra, Jo\u00e3o Havelange. E o ministro da Previd\u00eancia, Carlos Eduardo Gabas, anunciou a cria\u00e7\u00e3o de um fundo de pens\u00e3o voltado para os ex-jogadores.<\/p>\n<p><strong>Premiados<\/strong>:<\/p>\n<p><strong>Goleiro<\/strong>: 1) F\u00e1bio (Cruzeiro); 2) Victor (Gr\u00eamio); 3) Jefferson (Botafogo)<br \/>\n<strong>Lateral-direito<\/strong>: 1) Mariano (Fluminense); 2) L\u00e9o Moura (Flamengo); 3) Jonathan (Cruzeiro)<br \/>\n<strong>Zagueiro pela direita:<\/strong> 1) Ded\u00e9 (Vasco); 2) Alex Silva (S\u00e3o Paulo); 3) Chic\u00e3o (Corinthians)<br \/>\n<strong>Zagueiro pela esquerda<\/strong>: 1) Miranda (S\u00e3o Paulo); 2) R\u00e9ver (Atl\u00e9tico-MG); 3) Leandro Euz\u00e9bio (Fluminense)<br \/>\n<strong>Lateral-esquerdo: <\/strong>1) Roberto Carlos (Corinthians); 2) Kleber (Inter); 3) Diego Renan (Cruzeiro)<br \/>\n<strong>Volante pela direita:<\/strong> 1) Jucilei (Corinthians); 2) Fabr\u00edcio (Cruzeiro); 3) Willians (Flamengo)<br \/>\n<strong>Volante pela esquerda:<\/strong> 1) Elias (Corinthians); 2) Arouca (Santos); 3) Marcos Assun\u00e7\u00e3o (Palmeiras)<br \/>\n<strong>Meia pela direita:<\/strong> 1) Montillo (Cruzeiro); 2) D&#8217;Alessandro (Inter); 3) Paulo Baier (Atl\u00e9tico-PR)<br \/>\n<strong>Meia pela esquerda<\/strong>: 1) Conca (Fluminense); 2) Bruno C\u00e9sar (Corinthians); 3) Douglas (Gr\u00eamio)<br \/>\n<strong>Atacante 1<\/strong>: Jonas (Gr\u00eamio); Thiago Ribeiro (Cruzeiro); Eder Luis (Vasco)<br \/>\n<strong>Atacante 2:<\/strong> Neymar (Santos); Kleber (Palmeiras), Loco Abreu (Botafogo)<br \/>\n<strong>Craque do campeonato<\/strong>: Conca (Fluminense)<br \/>\n<strong>Revela\u00e7\u00e3o:<\/strong> Bruno C\u00e9sar (Corinthians)<br \/>\n<strong>Craque da Galera:<\/strong> Conca (Fluminense)<br \/>\n<strong>\u00c1rbitro<\/strong>: 1) Sandro Meira Ricci; 2) Carlos Eug\u00e9nio Simon; 3) Paulo C\u00e9sar de Oliveira<\/p>\n<p>Por <a href = \"http:\/\/globoesporte.globo.com\/futebol\/brasileirao-serie-a\/noticia\/2010\/12\/fluminense-recebe-taca-em-festa-marcada-por-provocacao-corintiana.html\" target = \"_news\"><b>GLOBOESPORTE.COM<\/b><\/a> Rio de Janeiro<\/p>\n","protected":false},"excerpt":{"rendered":"<p>Presidente do Corinthians faz cr\u00edtica indireta ao Tricolor carioca e \u00e9 vaiado pelos torcedores tricolores na entrega do Pr\u00eamio Craque Brasileir\u00e3o 2010 Um dia depois de comemorar o t\u00edtulo brasileiro depois de 24 anos, os jogadores do Fluminense puderam concretizar o sonho de erguer a ta\u00e7a de campe\u00e3o nacional de 2010. Entregue pelas m\u00e3os de [&hellip;]<\/p>\n","protected":false},"author":2,"featured_media":0,"comment_status":"open","ping_status":"open","sticky":false,"template":"","format":"standard","meta":{"_links_to":"","_links_to_target":""},"categories":[11],"tags":[],"_links":{"self":[{"href":"https:\/\/www.r2cpress.com.br\/v1\/wp-json\/wp\/v2\/posts\/3900"}],"collection":[{"href":"https:\/\/www.r2cpress.com.br\/v1\/wp-json\/wp\/v2\/posts"}],"about":[{"href":"https:\/\/www.r2cpress.com.br\/v1\/wp-json\/wp\/v2\/types\/post"}],"author":[{"embeddable":true,"href":"https:\/\/www.r2cpress.com.br\/v1\/wp-json\/wp\/v2\/users\/2"}],"replies":[{"embeddable":true,"href":"https:\/\/www.r2cpress.com.br\/v1\/wp-json\/wp\/v2\/comments?post=3900"}],"version-history":[{"count":2,"href":"https:\/\/www.r2cpress.com.br\/v1\/wp-json\/wp\/v2\/posts\/3900\/revisions"}],"predecessor-version":[{"id":3902,"href":"https:\/\/www.r2cpress.com.br\/v1\/wp-json\/wp\/v2\/posts\/3900\/revisions\/3902"}],"wp:attachment":[{"href":"https:\/\/www.r2cpress.com.br\/v1\/wp-json\/wp\/v2\/media?parent=3900"}],"wp:term":[{"taxonomy":"category","embeddable":true,"href":"https:\/\/www.r2cpress.com.br\/v1\/wp-json\/wp\/v2\/categories?post=3900"},{"taxonomy":"post_tag","embeddable":true,"href":"https:\/\/www.r2cpress.com.br\/v1\/wp-json\/wp\/v2\/tags?post=3900"}],"curies":[{"name":"wp","href":"https:\/\/api.w.org\/{rel}","templated":true}]}}