{"id":3903,"date":"2010-12-06T23:14:20","date_gmt":"2010-12-07T02:14:20","guid":{"rendered":"http:\/\/www.r2cpress.com.br\/v1\/?p=3903"},"modified":"2010-12-06T23:14:20","modified_gmt":"2010-12-07T02:14:20","slug":"associacao-dos-oficiais-da-policia-militar-da-bahia","status":"publish","type":"post","link":"https:\/\/www.r2cpress.com.br\/v1\/2010\/12\/06\/associacao-dos-oficiais-da-policia-militar-da-bahia\/","title":{"rendered":"Associa\u00e7\u00e3o dos Oficiais da Pol\u00edcia Militar da Bahia"},"content":{"rendered":"<p><center><img src = \"http:\/\/www.aopmba.com.br\/images\/logo1.gif\"\/><\/center><br \/>\nNo dia 03 de dezembro p.p., foi realizada a solenidade de posse da nova Diretoria da Associa\u00e7\u00e3o dos Oficiais da Pol\u00edcia Militar da Bahia \u2013 For\u00e7a Invicta. Compuseram a mesa presidida pelo Maj PM Silvio Correa, os Exm\u00ba Cel PM Mascarenhas, Cmt Geral da Corpora\u00e7\u00e3o, Cel BMRS Altair Cunha, Presidente em exerc\u00edcio da FENEME, Cap Tadeu, Deputado Estadual, TC Legsamon Mustafa, Vereador Municipal de Salvador, Claudelino Miranda, Chefe de Gabinete do Vice-Prefeito da Cidade do Salvador, Ten Cel R\/R Jo\u00e3o Can\u00e1rio, Presidente do Conselho Deliberativo da For\u00e7a Invicta, Subten PM R\/R Adailton Leal e Sgt Agnaldo Pinto, representantes das Associa\u00e7\u00f5es de Pra\u00e7as da Pol\u00edcia Militar, al\u00e9m do Presidente eleito da Associa\u00e7\u00e3o dos Oficiais da PM, Maj PM Edmilson Tavares Santos.<\/p>\n<p>&#8212;<\/p>\n","protected":false},"excerpt":{"rendered":"<p>No dia 03 de dezembro p.p., foi realizada a solenidade de posse da nova Diretoria da Associa\u00e7\u00e3o dos Oficiais da Pol\u00edcia Militar da Bahia \u2013 For\u00e7a Invicta. Compuseram a mesa presidida pelo Maj PM Silvio Correa, os Exm\u00ba Cel PM Mascarenhas, Cmt Geral da Corpora\u00e7\u00e3o, Cel BMRS Altair Cunha, Presidente em exerc\u00edcio da FENEME, Cap [&hellip;]<\/p>\n","protected":false},"author":2,"featured_media":0,"comment_status":"open","ping_status":"open","sticky":false,"template":"","format":"standard","meta":{"_links_to":"","_links_to_target":""},"categories":[25],"tags":[],"_links":{"self":[{"href":"https:\/\/www.r2cpress.com.br\/v1\/wp-json\/wp\/v2\/posts\/3903"}],"collection":[{"href":"https:\/\/www.r2cpress.com.br\/v1\/wp-json\/wp\/v2\/posts"}],"about":[{"href":"https:\/\/www.r2cpress.com.br\/v1\/wp-json\/wp\/v2\/types\/post"}],"author":[{"embeddable":true,"href":"https:\/\/www.r2cpress.com.br\/v1\/wp-json\/wp\/v2\/users\/2"}],"replies":[{"embeddable":true,"href":"https:\/\/www.r2cpress.com.br\/v1\/wp-json\/wp\/v2\/comments?post=3903"}],"version-history":[{"count":2,"href":"https:\/\/www.r2cpress.com.br\/v1\/wp-json\/wp\/v2\/posts\/3903\/revisions"}],"predecessor-version":[{"id":3905,"href":"https:\/\/www.r2cpress.com.br\/v1\/wp-json\/wp\/v2\/posts\/3903\/revisions\/3905"}],"wp:attachment":[{"href":"https:\/\/www.r2cpress.com.br\/v1\/wp-json\/wp\/v2\/media?parent=3903"}],"wp:term":[{"taxonomy":"category","embeddable":true,"href":"https:\/\/www.r2cpress.com.br\/v1\/wp-json\/wp\/v2\/categories?post=3903"},{"taxonomy":"post_tag","embeddable":true,"href":"https:\/\/www.r2cpress.com.br\/v1\/wp-json\/wp\/v2\/tags?post=3903"}],"curies":[{"name":"wp","href":"https:\/\/api.w.org\/{rel}","templated":true}]}}