{"id":39216,"date":"2012-04-23T22:02:55","date_gmt":"2012-04-24T01:02:55","guid":{"rendered":"http:\/\/www.r2cpress.com.br\/v1\/?p=39216"},"modified":"2012-04-23T22:02:56","modified_gmt":"2012-04-24T01:02:56","slug":"vem-sao-jorge-acudir-o-teu-povo","status":"publish","type":"post","link":"https:\/\/www.r2cpress.com.br\/v1\/2012\/04\/23\/vem-sao-jorge-acudir-o-teu-povo\/","title":{"rendered":"&#8220;VEM S\u00c3O JORGE ACUDIR O TEU POVO&#8221;"},"content":{"rendered":"<p><strong>&#8211; Prociss\u00e3o de S\u00e3o Jorge.<br \/>\n&#8211; Ruas centrais da cidade de Ilh\u00e9us<br \/>\n&#8211; S\u00e3o Jorge \u00e9 um dos padroeiros da cidade.<br \/>\n&#8211; 23 04 2012<\/strong><\/p>\n<p><center><iframe loading=\"lazy\" width=\"550\" height=\"315\" src=\"http:\/\/www.youtube.com\/embed\/Gil2GNFRPGM\" frameborder=\"0\" allowfullscreen><\/iframe><br \/>\n<iframe loading=\"lazy\" width=\"550\" height=\"315\" src=\"http:\/\/www.youtube.com\/embed\/zO0bCEeP9ss\" frameborder=\"0\" allowfullscreen><\/iframe><br \/>\n<div id=\"attachment_39219\" style=\"width: 560px\" class=\"wp-caption aligncenter\"><a href=\"http:\/\/www.r2cpress.com.br\/v1\/2012\/04\/23\/vem-sao-jorge-acudir-o-teu-povo\/mont-capa-site-v-fotos\/\" rel=\"attachment wp-att-39219\"><img aria-describedby=\"caption-attachment-39219\" loading=\"lazy\" src=\"http:\/\/www.r2cpress.com.br\/v1\/wp-content\/uploads\/MONT-CAPA-SITE-V-FOTOS.jpg\" alt=\"\" title=\"MONT CAPA SITE V FOTOS\" width=\"550\" height=\"1244\" class=\"size-full wp-image-39219\" srcset=\"https:\/\/www.r2cpress.com.br\/v1\/wp-content\/uploads\/MONT-CAPA-SITE-V-FOTOS.jpg 550w, https:\/\/www.r2cpress.com.br\/v1\/wp-content\/uploads\/MONT-CAPA-SITE-V-FOTOS-132x300.jpg 132w\" sizes=\"(max-width: 550px) 100vw, 550px\" \/><\/a><p id=\"caption-attachment-39219\" class=\"wp-caption-text\">.<\/p><\/div><\/p>\n<p><strong>VEJA FOTOS CLICANDO<\/strong> <a HREF = \"https:\/\/picasaweb.google.com\/r2cpress\/SAOJORGE2008ILHEUSBAHIAEPROCISSAOSAOJORGE23042012\" TARGET = \"_NEWS\"><b>AQUI<\/b><\/a> <strong>E DEPOIS EM APRESENTA\u00c7\u00c3O DE SLIDES<\/strong><\/center><\/p>\n<p><strong><em>Na sequ\u00eancia, fotos da Festa no ano de 2008<\/em><\/strong><\/p>\n","protected":false},"excerpt":{"rendered":"<p>&#8211; Prociss\u00e3o de S\u00e3o Jorge. &#8211; Ruas centrais da cidade de Ilh\u00e9us &#8211; S\u00e3o Jorge \u00e9 um dos padroeiros da cidade. &#8211; 23 04 2012 VEJA FOTOS CLICANDO AQUI E DEPOIS EM APRESENTA\u00c7\u00c3O DE SLIDES Na sequ\u00eancia, fotos da Festa no ano de 2008<\/p>\n","protected":false},"author":2,"featured_media":0,"comment_status":"open","ping_status":"open","sticky":false,"template":"","format":"standard","meta":{"_links_to":"","_links_to_target":""},"categories":[14],"tags":[],"_links":{"self":[{"href":"https:\/\/www.r2cpress.com.br\/v1\/wp-json\/wp\/v2\/posts\/39216"}],"collection":[{"href":"https:\/\/www.r2cpress.com.br\/v1\/wp-json\/wp\/v2\/posts"}],"about":[{"href":"https:\/\/www.r2cpress.com.br\/v1\/wp-json\/wp\/v2\/types\/post"}],"author":[{"embeddable":true,"href":"https:\/\/www.r2cpress.com.br\/v1\/wp-json\/wp\/v2\/users\/2"}],"replies":[{"embeddable":true,"href":"https:\/\/www.r2cpress.com.br\/v1\/wp-json\/wp\/v2\/comments?post=39216"}],"version-history":[{"count":8,"href":"https:\/\/www.r2cpress.com.br\/v1\/wp-json\/wp\/v2\/posts\/39216\/revisions"}],"predecessor-version":[{"id":39225,"href":"https:\/\/www.r2cpress.com.br\/v1\/wp-json\/wp\/v2\/posts\/39216\/revisions\/39225"}],"wp:attachment":[{"href":"https:\/\/www.r2cpress.com.br\/v1\/wp-json\/wp\/v2\/media?parent=39216"}],"wp:term":[{"taxonomy":"category","embeddable":true,"href":"https:\/\/www.r2cpress.com.br\/v1\/wp-json\/wp\/v2\/categories?post=39216"},{"taxonomy":"post_tag","embeddable":true,"href":"https:\/\/www.r2cpress.com.br\/v1\/wp-json\/wp\/v2\/tags?post=39216"}],"curies":[{"name":"wp","href":"https:\/\/api.w.org\/{rel}","templated":true}]}}