{"id":39233,"date":"2012-04-24T11:47:50","date_gmt":"2012-04-24T14:47:50","guid":{"rendered":"http:\/\/www.r2cpress.com.br\/v1\/?p=39233"},"modified":"2012-04-24T11:47:51","modified_gmt":"2012-04-24T14:47:51","slug":"parabens-9","status":"publish","type":"post","link":"https:\/\/www.r2cpress.com.br\/v1\/2012\/04\/24\/parabens-9\/","title":{"rendered":"PARAB\u00c9NS !!!!"},"content":{"rendered":"<p><div id=\"attachment_39234\" style=\"width: 242px\" class=\"wp-caption alignleft\"><a href=\"http:\/\/www.r2cpress.com.br\/v1\/2012\/04\/24\/parabens-9\/capitao-henrique\/\" rel=\"attachment wp-att-39234\"><img aria-describedby=\"caption-attachment-39234\" loading=\"lazy\" src=\"http:\/\/www.r2cpress.com.br\/v1\/wp-content\/uploads\/capit\u00e3o-henrique-232x300.jpg\" alt=\"\" title=\"capit\u00e3o henrique\" width=\"232\" height=\"300\" class=\"size-medium wp-image-39234\" srcset=\"https:\/\/www.r2cpress.com.br\/v1\/wp-content\/uploads\/capit\u00e3o-henrique-232x300.jpg 232w, https:\/\/www.r2cpress.com.br\/v1\/wp-content\/uploads\/capit\u00e3o-henrique.jpg 410w\" sizes=\"(max-width: 232px) 100vw, 232px\" \/><\/a><p id=\"caption-attachment-39234\" class=\"wp-caption-text\">Capit\u00e3o Henrique<\/p><\/div>Gostar\u00edamos de parabenizar ao mais novo Capit\u00e3o PM. Henrique, pertencente a 68\u00aa Companhia Independente da Pol\u00edcia Militar situada no Centro-Ilh\u00e9us\/BA pela sua Promo\u00e7\u00e3o. <\/p>\n<p>Ativo na Pol\u00edcia Militar, foi comandante de v\u00e1rios Companhias, Pelot\u00f5es e Destacamentos do 2\u00ba Batalh\u00e3o da Policia Militar da Bahia, entre eles: Ubaitaba, Teol\u00e2ndia, Gand\u00fa, Itacar\u00e9, Companhia Especial T\u00e1tico Operacional, entre outros. <\/p>\n<p>Pedagogo formado pela Universidade Estadual de Santa Cruz-UESC, formando e P\u00f3s-graduando em Psican\u00e1lise Cl\u00ednica pelo CEAPP\/FACCEBA em Salvador-BA e P\u00f3s-graduando em Sa\u00fade Mental e Aten\u00e7\u00e3o Psicossocial pela UNIME em Itabuna-BA sempre buscou o progresso. <\/p>\n<p>Capit\u00e3o, continue este homem \u00edntegro e honesto. <\/p>\n<p>Muitas felicidades amigo, voc\u00ea merece!<\/p>\n<p>S\u00e3o os votos de amigos e familiares!<\/p>\n","protected":false},"excerpt":{"rendered":"<p>Gostar\u00edamos de parabenizar ao mais novo Capit\u00e3o PM. Henrique, pertencente a 68\u00aa Companhia Independente da Pol\u00edcia Militar situada no Centro-Ilh\u00e9us\/BA pela sua Promo\u00e7\u00e3o. Ativo na Pol\u00edcia Militar, foi comandante de v\u00e1rios Companhias, Pelot\u00f5es e Destacamentos do 2\u00ba Batalh\u00e3o da Policia Militar da Bahia, entre eles: Ubaitaba, Teol\u00e2ndia, Gand\u00fa, Itacar\u00e9, Companhia Especial T\u00e1tico Operacional, entre outros. [&hellip;]<\/p>\n","protected":false},"author":2,"featured_media":0,"comment_status":"open","ping_status":"open","sticky":false,"template":"","format":"standard","meta":{"_links_to":"","_links_to_target":""},"categories":[25],"tags":[],"_links":{"self":[{"href":"https:\/\/www.r2cpress.com.br\/v1\/wp-json\/wp\/v2\/posts\/39233"}],"collection":[{"href":"https:\/\/www.r2cpress.com.br\/v1\/wp-json\/wp\/v2\/posts"}],"about":[{"href":"https:\/\/www.r2cpress.com.br\/v1\/wp-json\/wp\/v2\/types\/post"}],"author":[{"embeddable":true,"href":"https:\/\/www.r2cpress.com.br\/v1\/wp-json\/wp\/v2\/users\/2"}],"replies":[{"embeddable":true,"href":"https:\/\/www.r2cpress.com.br\/v1\/wp-json\/wp\/v2\/comments?post=39233"}],"version-history":[{"count":5,"href":"https:\/\/www.r2cpress.com.br\/v1\/wp-json\/wp\/v2\/posts\/39233\/revisions"}],"predecessor-version":[{"id":39239,"href":"https:\/\/www.r2cpress.com.br\/v1\/wp-json\/wp\/v2\/posts\/39233\/revisions\/39239"}],"wp:attachment":[{"href":"https:\/\/www.r2cpress.com.br\/v1\/wp-json\/wp\/v2\/media?parent=39233"}],"wp:term":[{"taxonomy":"category","embeddable":true,"href":"https:\/\/www.r2cpress.com.br\/v1\/wp-json\/wp\/v2\/categories?post=39233"},{"taxonomy":"post_tag","embeddable":true,"href":"https:\/\/www.r2cpress.com.br\/v1\/wp-json\/wp\/v2\/tags?post=39233"}],"curies":[{"name":"wp","href":"https:\/\/api.w.org\/{rel}","templated":true}]}}