{"id":39554,"date":"2012-04-27T16:20:10","date_gmt":"2012-04-27T19:20:10","guid":{"rendered":"http:\/\/www.r2cpress.com.br\/v1\/?p=39554"},"modified":"2012-04-27T16:20:10","modified_gmt":"2012-04-27T19:20:10","slug":"dem-e-pmdb-selam-acordo-em-itabuna","status":"publish","type":"post","link":"https:\/\/www.r2cpress.com.br\/v1\/2012\/04\/27\/dem-e-pmdb-selam-acordo-em-itabuna\/","title":{"rendered":"DEM e PMDB selam acordo em Itabuna"},"content":{"rendered":"<p>As maiores lideran\u00e7as estaduais do PMDB se reuniram na manh\u00e3 desta sexta-feira (27), em Itabuna, para anunciar um acordo de apoio rec\u00edproco com o DEM, que est\u00e1 \u00e0 frente do governo municipal. Num evento na C\u00e2mara de Vereadores, o ex-ministro Geddel Vieira Lima e seu irm\u00e3o, o deputado federal L\u00facio Vieira Lima, presidente estadual do PMDB, afirmaram a disposi\u00e7\u00e3o de caminhar junto com o Partido Democratas na sucess\u00e3o itabunense. O prefeito Capit\u00e3o Azevedo e o m\u00e9dico Renato Costa, pr\u00e9-candidato do DEM a prefeito, estavam presentes.<\/p>\n<p>Tanto L\u00facio como Geddel declararam ter confian\u00e7a no nome de Renato Costa, mas deixaram claro que n\u00e3o dever\u00e1 haver divis\u00e3o entre o prefeito que tentar\u00e1 a reelei\u00e7\u00e3o e o peemedebista. &#8220;\u00c9 importante que os dois tenham ju\u00edzo para que n\u00e3o se dividam&#8221;, afirmou o presidente do PMDB na Bahia. Segundo Geddel, a parceria que se est\u00e1 firmando \u00e9 de m\u00e3o dupla. &#8220;Se hoje apoiamos, podemos mais tarde receber apoio&#8221;, enfatizou.<\/p>\n<p>O ex-ministro fez um discurso no qual atacou duramente o PT e o governador Jaques Wagner, que, segundo ele, n\u00e3o cumpre as promessas que faz \u00e0 popula\u00e7\u00e3o. &#8220;O governo j\u00e1 tem cinco anos e n\u00e3o consegue tirar do papel o Porto Sul, um projeto da maior import\u00e2ncia para a Bahia&#8221;, atacou o peemedebista, que tamb\u00e9m cobrou a execu\u00e7\u00e3o de outras obras, a exemplo da duplica\u00e7\u00e3o da rodovia Ilh\u00e9us &#8211; Itabuna e constru\u00e7\u00e3o da barragem no Rio Col\u00f4nia.<\/p>\n<p>Tamb\u00e9m participaram do encontro em Itabuna os deputados estaduais Pedro Tavares (PMDB) e Coronel Gilberto Santana (PTN), al\u00e9m do superintendente regional da Ceplac, Juvenal Maynart.<\/p>\n","protected":false},"excerpt":{"rendered":"<p>As maiores lideran\u00e7as estaduais do PMDB se reuniram na manh\u00e3 desta sexta-feira (27), em Itabuna, para anunciar um acordo de apoio rec\u00edproco com o DEM, que est\u00e1 \u00e0 frente do governo municipal. Num evento na C\u00e2mara de Vereadores, o ex-ministro Geddel Vieira Lima e seu irm\u00e3o, o deputado federal L\u00facio Vieira Lima, presidente estadual do [&hellip;]<\/p>\n","protected":false},"author":2,"featured_media":0,"comment_status":"open","ping_status":"open","sticky":false,"template":"","format":"standard","meta":{"_links_to":"","_links_to_target":""},"categories":[15],"tags":[],"_links":{"self":[{"href":"https:\/\/www.r2cpress.com.br\/v1\/wp-json\/wp\/v2\/posts\/39554"}],"collection":[{"href":"https:\/\/www.r2cpress.com.br\/v1\/wp-json\/wp\/v2\/posts"}],"about":[{"href":"https:\/\/www.r2cpress.com.br\/v1\/wp-json\/wp\/v2\/types\/post"}],"author":[{"embeddable":true,"href":"https:\/\/www.r2cpress.com.br\/v1\/wp-json\/wp\/v2\/users\/2"}],"replies":[{"embeddable":true,"href":"https:\/\/www.r2cpress.com.br\/v1\/wp-json\/wp\/v2\/comments?post=39554"}],"version-history":[{"count":2,"href":"https:\/\/www.r2cpress.com.br\/v1\/wp-json\/wp\/v2\/posts\/39554\/revisions"}],"predecessor-version":[{"id":39556,"href":"https:\/\/www.r2cpress.com.br\/v1\/wp-json\/wp\/v2\/posts\/39554\/revisions\/39556"}],"wp:attachment":[{"href":"https:\/\/www.r2cpress.com.br\/v1\/wp-json\/wp\/v2\/media?parent=39554"}],"wp:term":[{"taxonomy":"category","embeddable":true,"href":"https:\/\/www.r2cpress.com.br\/v1\/wp-json\/wp\/v2\/categories?post=39554"},{"taxonomy":"post_tag","embeddable":true,"href":"https:\/\/www.r2cpress.com.br\/v1\/wp-json\/wp\/v2\/tags?post=39554"}],"curies":[{"name":"wp","href":"https:\/\/api.w.org\/{rel}","templated":true}]}}