{"id":39772,"date":"2012-04-30T13:59:09","date_gmt":"2012-04-30T16:59:09","guid":{"rendered":"http:\/\/www.r2cpress.com.br\/v1\/?p=39772"},"modified":"2012-04-30T13:59:09","modified_gmt":"2012-04-30T16:59:09","slug":"em-ilheus-catolicos-aprofundam-tema-da-campanha-da-fraternidade","status":"publish","type":"post","link":"https:\/\/www.r2cpress.com.br\/v1\/2012\/04\/30\/em-ilheus-catolicos-aprofundam-tema-da-campanha-da-fraternidade\/","title":{"rendered":"Em Ilh\u00e9us, cat\u00f3licos aprofundam tema da Campanha da Fraternidade"},"content":{"rendered":"<p>Os ministros extraordin\u00e1rios da comunh\u00e3o eucar\u00edstica e da palavra da Diocese de Ilh\u00e9us aproveitam o feriado nacional do dia 1\u00ba de maio, este ano, e se re\u00fanem para um aprofundamento sobre o tema da Campanha da Fraternidade 2012, \u201cFraternidade e sa\u00fade p\u00fablica\u201d. O encontro acontece na Par\u00f3quia de Nossa Senhora Aparecida, no bairro do Malhado, das 8 horas ao meio dia, e est\u00e1 aberto a demais interessados na reflex\u00e3o. <\/p>\n<p>Realizado pela coordena\u00e7\u00e3o do Zonal Centro-norte da Diocese, o aprofundamento tem como lema o vers\u00edculo b\u00edblico do livro doEclesi\u00e1stico (Eclo. 38,8), \u201cQue a sa\u00fade se difunda sobre a terra\u201d. Segundo o coordenador do evento, Clayton Santos de Oliveira, na abertura haver\u00e1 palestra do m\u00e9dico Mario Augusto sobre \u201cO que \u00e9o SUS &#8211; Sistema \u00danico de Sa\u00fade\u201d. Em seguida, o diretor do Hospital Geral de Ilh\u00e9us, Gustavo Cunha, falar\u00e1 sobre \u201cO conceito de sa\u00fade e sa\u00fade p\u00fablica.\u201d<\/p>\n<p>O presidente do Conselho Municipal de Sa\u00fade, Yolando de Souza, abordar\u00e1 o tema \u201cO direito \u00e0 sa\u00fade no Brasil\u201d. Ap\u00f3s o coffee break, o seminaristaTiago refletir\u00e1sobre \u201cA vida crist\u00e3 dos sofrimentos \u2013 \u201cJesus e os doentes\u201d, e o tamb\u00e9m seminaristaRomenicsobre \u201cA Igreja dos doentes\u201d. O encerramento ser\u00e1 feito pelo coordenador do Zonal, Clayton Santos de Oliveira, com uma reflex\u00e3o sobre \u201cComo   obter a sa\u00fade espiritual.\u201d<\/p>\n","protected":false},"excerpt":{"rendered":"<p>Os ministros extraordin\u00e1rios da comunh\u00e3o eucar\u00edstica e da palavra da Diocese de Ilh\u00e9us aproveitam o feriado nacional do dia 1\u00ba de maio, este ano, e se re\u00fanem para um aprofundamento sobre o tema da Campanha da Fraternidade 2012, \u201cFraternidade e sa\u00fade p\u00fablica\u201d. O encontro acontece na Par\u00f3quia de Nossa Senhora Aparecida, no bairro do Malhado, [&hellip;]<\/p>\n","protected":false},"author":2,"featured_media":0,"comment_status":"open","ping_status":"open","sticky":false,"template":"","format":"standard","meta":{"_links_to":"","_links_to_target":""},"categories":[14],"tags":[],"_links":{"self":[{"href":"https:\/\/www.r2cpress.com.br\/v1\/wp-json\/wp\/v2\/posts\/39772"}],"collection":[{"href":"https:\/\/www.r2cpress.com.br\/v1\/wp-json\/wp\/v2\/posts"}],"about":[{"href":"https:\/\/www.r2cpress.com.br\/v1\/wp-json\/wp\/v2\/types\/post"}],"author":[{"embeddable":true,"href":"https:\/\/www.r2cpress.com.br\/v1\/wp-json\/wp\/v2\/users\/2"}],"replies":[{"embeddable":true,"href":"https:\/\/www.r2cpress.com.br\/v1\/wp-json\/wp\/v2\/comments?post=39772"}],"version-history":[{"count":2,"href":"https:\/\/www.r2cpress.com.br\/v1\/wp-json\/wp\/v2\/posts\/39772\/revisions"}],"predecessor-version":[{"id":39774,"href":"https:\/\/www.r2cpress.com.br\/v1\/wp-json\/wp\/v2\/posts\/39772\/revisions\/39774"}],"wp:attachment":[{"href":"https:\/\/www.r2cpress.com.br\/v1\/wp-json\/wp\/v2\/media?parent=39772"}],"wp:term":[{"taxonomy":"category","embeddable":true,"href":"https:\/\/www.r2cpress.com.br\/v1\/wp-json\/wp\/v2\/categories?post=39772"},{"taxonomy":"post_tag","embeddable":true,"href":"https:\/\/www.r2cpress.com.br\/v1\/wp-json\/wp\/v2\/tags?post=39772"}],"curies":[{"name":"wp","href":"https:\/\/api.w.org\/{rel}","templated":true}]}}