{"id":39844,"date":"2012-05-01T12:56:57","date_gmt":"2012-05-01T15:56:57","guid":{"rendered":"http:\/\/www.r2cpress.com.br\/v1\/?p=39844"},"modified":"2012-05-01T12:56:57","modified_gmt":"2012-05-01T15:56:57","slug":"reuniao-do-grupo-de-trabalho-em-preparacao-a-implantacao-da-pastoral-da-comunicacao-pascom-na-diocese-de-ilheus","status":"publish","type":"post","link":"https:\/\/www.r2cpress.com.br\/v1\/2012\/05\/01\/reuniao-do-grupo-de-trabalho-em-preparacao-a-implantacao-da-pastoral-da-comunicacao-pascom-na-diocese-de-ilheus\/","title":{"rendered":"REUNI\u00c3O DO GRUPO DE TRABALHO EM PREPARA\u00c7\u00c3O \u00c0 IMPLANTA\u00c7\u00c3O DA PASTORAL DA COMUNICA\u00c7\u00c3O \u2013 PASCOM \u2013 NA DIOCESE DE ILH\u00c9US."},"content":{"rendered":"<p><div id=\"attachment_39845\" style=\"width: 221px\" class=\"wp-caption alignleft\"><a href=\"http:\/\/www.r2cpress.com.br\/v1\/wp-content\/uploads\/reuni\u00e3o_comunica\u00e7\u00e3o_bispo.jpg\"><img aria-describedby=\"caption-attachment-39845\" loading=\"lazy\" src=\"http:\/\/www.r2cpress.com.br\/v1\/wp-content\/uploads\/reuni\u00e3o_comunica\u00e7\u00e3o_bispo-211x300.jpg\" alt=\"\" title=\"reuni\u00e3o_comunica\u00e7\u00e3o_bispo\" width=\"211\" height=\"300\" class=\"size-medium wp-image-39845\" srcset=\"https:\/\/www.r2cpress.com.br\/v1\/wp-content\/uploads\/reuni\u00e3o_comunica\u00e7\u00e3o_bispo-211x300.jpg 211w, https:\/\/www.r2cpress.com.br\/v1\/wp-content\/uploads\/reuni\u00e3o_comunica\u00e7\u00e3o_bispo.jpg 500w\" sizes=\"(max-width: 211px) 100vw, 211px\" \/><\/a><p id=\"caption-attachment-39845\" class=\"wp-caption-text\">Clique para AMPLIAR.<\/p><\/div>No dia 28\/04 \u00e0s 14h30 na casa do Bispo Diocesano de Ilh\u00e9us foi realizada reuni\u00e3o do Grupo de Trabalho \u2013  GT, que est\u00e1 pensando na implanta\u00e7\u00e3o  da PASCOM na Diocese de Ilh\u00e9us. Estiveram presentes: Jonildo Gl\u00f3ria, Franklin Deol\u00fasio, Odilon Neto, Paulo Costa, Soraia Souza e Yolando Souza e o nosso Bispo Diocesano Dom Mauro Montagnoli. O jornalista Elias Reis justificou sua aus\u00eancia por se encontrar adoentado.<br \/>\nFoi feita a invoca\u00e7\u00e3o ao Divino Esp\u00edrito Santo. Depois foi lida e comentada a Introdu\u00e7\u00e3o ao Decreto do Concilio Vaticano II intitulado INTER MIRIFICA sobre os meios de comunica\u00e7\u00e3o social. Do Mauro tamb\u00e9m fez um retrospecto hist\u00f3rico dos documentos da CNBB sobre a quest\u00e3o da comunica\u00e7\u00e3o social desde 1975 at\u00e9 os dias de hoje.<br \/>\nDepois de uma partilha de opini\u00e3o chegou-se \u00e0 conclus\u00e3o de realizar uma Coletiva de Imprensa e um Semin\u00e1rio sobre a Comunica\u00e7\u00e3o Social.<br \/>\nFicou marcada a data de 16 de maio pr\u00f3ximo para uma Coletiva de imprensa no sal\u00e3o da Catedral, \u00e0s 18 horas, quando Dom Mauro far\u00e1 a apresenta\u00e7\u00e3o do projeto de implanta\u00e7\u00e3o da Pastoral da Comunica\u00e7\u00e3o \u2013 PASCOM, na diocese de Ilh\u00e9us e tamb\u00e9m discorrer\u00e1 sobre o 1\u00b0 Centen\u00e1rio da cria\u00e7\u00e3o da Diocese de Ilh\u00e9us a ser realizado em 2013.<br \/>\nA pr\u00f3xima reuni\u00e3o do GT ser\u00e1 em 26\/5, na casa do Sr. Bispo \u00e0s 14.30 horas. Encerrou-se a reuni\u00e3o com a Ora\u00e7\u00e3o do Pai-Nosso, da Ave-Maria e a ben\u00e7\u00e3o dada pelo Sr. Bispo.<\/p>\n<p>&#8212;<br \/>\n<strong>Por Paulo Costa<\/strong><\/p>\n","protected":false},"excerpt":{"rendered":"<p>No dia 28\/04 \u00e0s 14h30 na casa do Bispo Diocesano de Ilh\u00e9us foi realizada reuni\u00e3o do Grupo de Trabalho \u2013 GT, que est\u00e1 pensando na implanta\u00e7\u00e3o da PASCOM na Diocese de Ilh\u00e9us. Estiveram presentes: Jonildo Gl\u00f3ria, Franklin Deol\u00fasio, Odilon Neto, Paulo Costa, Soraia Souza e Yolando Souza e o nosso Bispo Diocesano Dom Mauro Montagnoli. [&hellip;]<\/p>\n","protected":false},"author":2,"featured_media":0,"comment_status":"open","ping_status":"open","sticky":false,"template":"","format":"standard","meta":{"_links_to":"","_links_to_target":""},"categories":[14],"tags":[],"_links":{"self":[{"href":"https:\/\/www.r2cpress.com.br\/v1\/wp-json\/wp\/v2\/posts\/39844"}],"collection":[{"href":"https:\/\/www.r2cpress.com.br\/v1\/wp-json\/wp\/v2\/posts"}],"about":[{"href":"https:\/\/www.r2cpress.com.br\/v1\/wp-json\/wp\/v2\/types\/post"}],"author":[{"embeddable":true,"href":"https:\/\/www.r2cpress.com.br\/v1\/wp-json\/wp\/v2\/users\/2"}],"replies":[{"embeddable":true,"href":"https:\/\/www.r2cpress.com.br\/v1\/wp-json\/wp\/v2\/comments?post=39844"}],"version-history":[{"count":2,"href":"https:\/\/www.r2cpress.com.br\/v1\/wp-json\/wp\/v2\/posts\/39844\/revisions"}],"predecessor-version":[{"id":39847,"href":"https:\/\/www.r2cpress.com.br\/v1\/wp-json\/wp\/v2\/posts\/39844\/revisions\/39847"}],"wp:attachment":[{"href":"https:\/\/www.r2cpress.com.br\/v1\/wp-json\/wp\/v2\/media?parent=39844"}],"wp:term":[{"taxonomy":"category","embeddable":true,"href":"https:\/\/www.r2cpress.com.br\/v1\/wp-json\/wp\/v2\/categories?post=39844"},{"taxonomy":"post_tag","embeddable":true,"href":"https:\/\/www.r2cpress.com.br\/v1\/wp-json\/wp\/v2\/tags?post=39844"}],"curies":[{"name":"wp","href":"https:\/\/api.w.org\/{rel}","templated":true}]}}