{"id":40178,"date":"2012-05-06T21:19:58","date_gmt":"2012-05-07T00:19:58","guid":{"rendered":"http:\/\/www.r2cpress.com.br\/v1\/?p=40178"},"modified":"2012-05-06T21:19:58","modified_gmt":"2012-05-07T00:19:58","slug":"dr-reboucas-e-a-sua-festa-dos-amigos","status":"publish","type":"post","link":"https:\/\/www.r2cpress.com.br\/v1\/2012\/05\/06\/dr-reboucas-e-a-sua-festa-dos-amigos\/","title":{"rendered":"DR REBOU\u00c7AS E A SUA &#8220;FESTA DOS AMIGOS&#8221;"},"content":{"rendered":"<p><center><strong>Festa dos Amigos na sua VII edi\u00e7\u00e3o.<\/strong> <\/center><br \/>\nEvento realizado em Itabuna (Loja 28 de Julho).<br \/>\nOs alimentos arrecadados s\u00e3o doados para institui\u00e7\u00f5es de caridade.<br \/>\nDr Rebou\u00e7as e sua equipe vem quebrando records em arrecada\u00e7\u00e3o de alimentos. \u00c9 uma figura ILUMINADA.<br \/>\n<strong>Para quem n\u00e3o se lembra esse Dr Rebou\u00e7as \u00e9 o meu SANTO rsrsrsrsrs. O milagroso nunca ventilou, sequer, a possibilidade &#8216;dimim&#8217; ficar de papo com o tal do saci rsrsrsrsrsrs. Foi um guerreiro e somente sossegou quando teve certeza que a minha perna (2008) permaneceria grudada &#8216;nimim&#8217;.<\/strong><br \/>\nBj\u00e3o, meu santo!<br \/>\nUGA e fique com <strong>DEUS <\/strong>(Sempre!).<br \/>\nRabat.<br \/>\n<center><a href=\"http:\/\/www.r2cpress.com.br\/v1\/wp-content\/uploads\/MONT-CAPA-SITE-DR-F_V.jpg\"><img loading=\"lazy\" src=\"http:\/\/www.r2cpress.com.br\/v1\/wp-content\/uploads\/MONT-CAPA-SITE-DR-F_V.jpg\" alt=\"\" title=\"MONT CAPA SITE DR F_V\" width=\"550\" height=\"998\" class=\"aligncenter size-full wp-image-40180\" srcset=\"https:\/\/www.r2cpress.com.br\/v1\/wp-content\/uploads\/MONT-CAPA-SITE-DR-F_V.jpg 550w, https:\/\/www.r2cpress.com.br\/v1\/wp-content\/uploads\/MONT-CAPA-SITE-DR-F_V-165x300.jpg 165w\" sizes=\"(max-width: 550px) 100vw, 550px\" \/><\/a><br \/>\n<b>Veja FOTOS da FESTA clicando<\/b> <a href = \"https:\/\/picasaweb.google.com\/r2cpress\/GRAVACAODODVDDENEGO_13DeAbrilDe2012FESTADOSAMIGOSDRREBOUCASITABUNA06052012#5739531337590749138\" target = \"_news\"><b>AQUI<\/b><\/a> <b>e depois na seta para AVAN\u00c7AR.<\/b> <\/center><\/p>\n<p><center><iframe loading=\"lazy\" width=\"550\" height=\"315\" src=\"http:\/\/www.youtube.com\/embed\/oM6wWU4j8og\" frameborder=\"0\" allowfullscreen><\/iframe><\/center><\/p>\n","protected":false},"excerpt":{"rendered":"<p>Festa dos Amigos na sua VII edi\u00e7\u00e3o. Evento realizado em Itabuna (Loja 28 de Julho). Os alimentos arrecadados s\u00e3o doados para institui\u00e7\u00f5es de caridade. Dr Rebou\u00e7as e sua equipe vem quebrando records em arrecada\u00e7\u00e3o de alimentos. \u00c9 uma figura ILUMINADA. Para quem n\u00e3o se lembra esse Dr Rebou\u00e7as \u00e9 o meu SANTO rsrsrsrsrs. O milagroso [&hellip;]<\/p>\n","protected":false},"author":2,"featured_media":0,"comment_status":"open","ping_status":"open","sticky":false,"template":"","format":"standard","meta":{"_links_to":"","_links_to_target":""},"categories":[15],"tags":[],"_links":{"self":[{"href":"https:\/\/www.r2cpress.com.br\/v1\/wp-json\/wp\/v2\/posts\/40178"}],"collection":[{"href":"https:\/\/www.r2cpress.com.br\/v1\/wp-json\/wp\/v2\/posts"}],"about":[{"href":"https:\/\/www.r2cpress.com.br\/v1\/wp-json\/wp\/v2\/types\/post"}],"author":[{"embeddable":true,"href":"https:\/\/www.r2cpress.com.br\/v1\/wp-json\/wp\/v2\/users\/2"}],"replies":[{"embeddable":true,"href":"https:\/\/www.r2cpress.com.br\/v1\/wp-json\/wp\/v2\/comments?post=40178"}],"version-history":[{"count":9,"href":"https:\/\/www.r2cpress.com.br\/v1\/wp-json\/wp\/v2\/posts\/40178\/revisions"}],"predecessor-version":[{"id":40188,"href":"https:\/\/www.r2cpress.com.br\/v1\/wp-json\/wp\/v2\/posts\/40178\/revisions\/40188"}],"wp:attachment":[{"href":"https:\/\/www.r2cpress.com.br\/v1\/wp-json\/wp\/v2\/media?parent=40178"}],"wp:term":[{"taxonomy":"category","embeddable":true,"href":"https:\/\/www.r2cpress.com.br\/v1\/wp-json\/wp\/v2\/categories?post=40178"},{"taxonomy":"post_tag","embeddable":true,"href":"https:\/\/www.r2cpress.com.br\/v1\/wp-json\/wp\/v2\/tags?post=40178"}],"curies":[{"name":"wp","href":"https:\/\/api.w.org\/{rel}","templated":true}]}}