{"id":40360,"date":"2012-05-09T13:56:51","date_gmt":"2012-05-09T16:56:51","guid":{"rendered":"http:\/\/www.r2cpress.com.br\/v1\/?p=40360"},"modified":"2012-05-09T13:56:51","modified_gmt":"2012-05-09T16:56:51","slug":"programacao-de-maio-da-casa-dos-artistas","status":"publish","type":"post","link":"https:\/\/www.r2cpress.com.br\/v1\/2012\/05\/09\/programacao-de-maio-da-casa-dos-artistas\/","title":{"rendered":"PROGRAMA\u00c7\u00c3O DE MAIO DA CASA DOS ARTISTAS"},"content":{"rendered":"<div id=\"attachment_40361\" style=\"width: 310px\" class=\"wp-caption alignleft\"><a href=\"http:\/\/www.r2cpress.com.br\/v1\/wp-content\/uploads\/MONT-CAPA-4-F_ca.jpg\"><img aria-describedby=\"caption-attachment-40361\" loading=\"lazy\" class=\"size-medium wp-image-40361\" title=\"MONT CAPA 4 F_ca\" src=\"http:\/\/www.r2cpress.com.br\/v1\/wp-content\/uploads\/MONT-CAPA-4-F_ca-300x214.jpg\" alt=\"\" width=\"300\" height=\"214\" srcset=\"https:\/\/www.r2cpress.com.br\/v1\/wp-content\/uploads\/MONT-CAPA-4-F_ca-300x214.jpg 300w, https:\/\/www.r2cpress.com.br\/v1\/wp-content\/uploads\/MONT-CAPA-4-F_ca.jpg 899w\" sizes=\"(max-width: 300px) 100vw, 300px\" \/><\/a><p id=\"caption-attachment-40361\" class=\"wp-caption-text\">Clique para AMPLIAR.<\/p><\/div>\n<p><strong><\/strong>A Casa dos Artistas, espa\u00e7o cultural mais diversificado de Ilh\u00e9us, traz para o m\u00eas de maio m\u00fasica e o tradicional teatro.<\/p>\n<p>Para dar in\u00edcio aos trabalhos, a Casa abre espa\u00e7o para o m\u00fasico Mateus Luna, com seu show \u201cUm belo na terra do cacau\u201d, que acontece no dia 18, a partir das 20h. Mateus \u00e9 int\u00e9rprete, compositor, arranjador e ex-aluno do Maestro Portugu\u00eas Samuel Quinto. No repert\u00f3rio, todo ecletismo que abrange do popular ao cl\u00e1ssico. O ingresso custa 10 reais, a meia por R$ 5.<\/p>\n<p>Saindo da m\u00fasica e entrando no teatro, tr\u00eas pe\u00e7as ocupar\u00e3o o palco da casa: Teodorico Majestade &#8211; As \u00daltimas Horas de um Prefeito, Homens Ajudam homens? E o espet\u00e1culo O Auto Falante.<\/p>\n<p>O destaque do m\u00eas \u00e9 o retorno de Teodorico Majestade, que sobe ao palco nos dias 11 e 12 de maio, sempre a partir das 20h.<\/p>\n<p>Quem quiser assistir \u00e0 pe\u00e7a \u201cHomens Ajudam Homens?\u201d tem que aproveitar, j\u00e1 que ser\u00e1 apresenta\u00e7\u00e3o \u00fanica, no dia 19, \u00e0s 20h. Nos dias 25 e 26, a Casa abre as portas para o espet\u00e1culo \u201cO Auto Falante\u201d, com dire\u00e7\u00e3o de Jorge Batista, a partir das 20h.<\/p>\n<p>Para todos os dias e espet\u00e1culos, a entrada custa sempre 10 reais. Estudantes t\u00eam direito a meia.<\/p>\n<p>A Galeria Hans Koella, do dia 22 de maio a 18 de junho, receber\u00e1 a Videoinstala\u00e7\u00e3o \u201cO Que Voc\u00ea V\u00ea No Lixo?\u201d, uma obra contempor\u00e2nea da artista Potira Castro, que se apresenta na forma de instala\u00e7\u00e3o com recursos audiovisuais.<\/p>\n<p>Al\u00e9m das atividades culturais, a Casa dos Artistas oferece tamb\u00e9m oficinas que est\u00e3o com as inscri\u00e7\u00f5es abertas. Confira abaixo as aulas dispon\u00edveis.<\/p>\n<p><strong>Viol\u00e3o e Guitarra &#8211; Rock, MPB, Pop e Blues<\/strong><\/p>\n<p>Dia: Toda quinta<\/p>\n<p>Hor\u00e1rio: 14h \u00e0s 18h Cel.: (73)99320946\u00a0\u00a0\u00a0\u00a0\u00a0\u00a0 E-mail: bobernardi@gmail.com<\/p>\n<p>Professor &#8211; B\u00f4 Bernardi (SP)<\/p>\n<p><strong>\u00a0Dan\u00e7a de Sal\u00e3o<\/strong><\/p>\n<p>Dias: Segunda e Quarta<\/p>\n<p>Hor\u00e1rio: 19h \u00e0s 20h Professor: Aldenor Garcia<\/p>\n<p><strong>\u00a0Harmonia e Improvisa\u00e7\u00e3o<\/strong><\/p>\n<p>Dia: Toda Quarta<\/p>\n<p>Hor\u00e1rio: 17h \u00e1s 19h<\/p>\n<p>Professor: Matheus Luna<\/p>\n<p><strong>Ballet para crian\u00e7a<\/strong><\/p>\n<p>Dias: segunda e quarta<\/p>\n<p>Hor\u00e1rio: 09h \u00e0s 10h ou 10h \u00e0s 11h<\/p>\n<p>Professora: Rosana Nascimento<\/p>\n","protected":false},"excerpt":{"rendered":"<p>A Casa dos Artistas, espa\u00e7o cultural mais diversificado de Ilh\u00e9us, traz para o m\u00eas de maio m\u00fasica e o tradicional teatro. Para dar in\u00edcio aos trabalhos, a Casa abre espa\u00e7o para o m\u00fasico Mateus Luna, com seu show \u201cUm belo na terra do cacau\u201d, que acontece no dia 18, a partir das 20h. Mateus \u00e9 [&hellip;]<\/p>\n","protected":false},"author":2,"featured_media":0,"comment_status":"open","ping_status":"open","sticky":false,"template":"","format":"standard","meta":{"_links_to":"","_links_to_target":""},"categories":[5],"tags":[],"_links":{"self":[{"href":"https:\/\/www.r2cpress.com.br\/v1\/wp-json\/wp\/v2\/posts\/40360"}],"collection":[{"href":"https:\/\/www.r2cpress.com.br\/v1\/wp-json\/wp\/v2\/posts"}],"about":[{"href":"https:\/\/www.r2cpress.com.br\/v1\/wp-json\/wp\/v2\/types\/post"}],"author":[{"embeddable":true,"href":"https:\/\/www.r2cpress.com.br\/v1\/wp-json\/wp\/v2\/users\/2"}],"replies":[{"embeddable":true,"href":"https:\/\/www.r2cpress.com.br\/v1\/wp-json\/wp\/v2\/comments?post=40360"}],"version-history":[{"count":3,"href":"https:\/\/www.r2cpress.com.br\/v1\/wp-json\/wp\/v2\/posts\/40360\/revisions"}],"predecessor-version":[{"id":40364,"href":"https:\/\/www.r2cpress.com.br\/v1\/wp-json\/wp\/v2\/posts\/40360\/revisions\/40364"}],"wp:attachment":[{"href":"https:\/\/www.r2cpress.com.br\/v1\/wp-json\/wp\/v2\/media?parent=40360"}],"wp:term":[{"taxonomy":"category","embeddable":true,"href":"https:\/\/www.r2cpress.com.br\/v1\/wp-json\/wp\/v2\/categories?post=40360"},{"taxonomy":"post_tag","embeddable":true,"href":"https:\/\/www.r2cpress.com.br\/v1\/wp-json\/wp\/v2\/tags?post=40360"}],"curies":[{"name":"wp","href":"https:\/\/api.w.org\/{rel}","templated":true}]}}