{"id":40460,"date":"2012-05-12T07:00:17","date_gmt":"2012-05-12T10:00:17","guid":{"rendered":"http:\/\/www.r2cpress.com.br\/v1\/?p=40460"},"modified":"2012-05-12T08:37:44","modified_gmt":"2012-05-12T11:37:44","slug":"a-bela-e-a-fera","status":"publish","type":"post","link":"https:\/\/www.r2cpress.com.br\/v1\/2012\/05\/12\/a-bela-e-a-fera\/","title":{"rendered":"A bela e a fera"},"content":{"rendered":"<div id=\"attachment_40461\" style=\"width: 308px\" class=\"wp-caption alignleft\"><a href=\"http:\/\/www.r2cpress.com.br\/v1\/wp-content\/uploads\/MONT-CAPA-SITE-4-F_NOVAS.jpg\"><img aria-describedby=\"caption-attachment-40461\" loading=\"lazy\" class=\"size-medium wp-image-40461\" title=\"MONT CAPA SITE 4 F_NOVAS\" src=\"http:\/\/www.r2cpress.com.br\/v1\/wp-content\/uploads\/MONT-CAPA-SITE-4-F_NOVAS-298x300.jpg\" alt=\"\" width=\"298\" height=\"300\" srcset=\"https:\/\/www.r2cpress.com.br\/v1\/wp-content\/uploads\/MONT-CAPA-SITE-4-F_NOVAS-298x300.jpg 298w, https:\/\/www.r2cpress.com.br\/v1\/wp-content\/uploads\/MONT-CAPA-SITE-4-F_NOVAS-150x150.jpg 150w, https:\/\/www.r2cpress.com.br\/v1\/wp-content\/uploads\/MONT-CAPA-SITE-4-F_NOVAS.jpg 680w\" sizes=\"(max-width: 298px) 100vw, 298px\" \/><\/a><p id=\"caption-attachment-40461\" class=\"wp-caption-text\">Clique para AMPLIAR.<\/p><\/div>\n<p>Visto por mais de 18 milh\u00f5es de pessoas em todo mundo, o espet\u00e1culo \u201cA Bela e a Fera\u201d ser\u00e1 apresentado em Ilh\u00e9us nos dias 09 e 10 de Junho, no Centro de Conven\u00e7\u00f5es, \u00e0s 19 horas e \u00e0s 17 horas, respectivamente, em mais umaprodu\u00e7\u00e3o de sucesso da MVU Eventos, uma empresa do Grupo M21.<\/p>\n<p>Com180 figurinos e 40 personagens, a hist\u00f3ria \u00e9 contada com o uso de proje\u00e7\u00f5es de anima\u00e7\u00f5es com tecnologia de cinema 3D, que cumprem o papel de narrar o enredo entre as cenas cantadasdurante a apresenta\u00e7\u00e3o. O p\u00fablico acompanhar\u00e1 tudo com o uso de \u00f3culos especiais. &#8220;Fizemos algo no modelo dos grandes musicais da Broadway, misturando essa proje\u00e7\u00e3o de cinema para ajudar a contar a hist\u00f3ria de uma maneira mais vibrante. Al\u00e9m do filme 3D, h\u00e1 movimentos de cen\u00e1rio controlados por computador, ilumina\u00e7\u00e3o de \u00faltima gera\u00e7\u00e3o, som digital e outros recursos de ilusionismo que deixam o espet\u00e1culo mais rico&#8221;, conta Billy Bond, diretor do musical.<\/p>\n<p>N\u00e3o \u00e9 a primeira vez que o diretor passa pela cidade de Ilh\u00e9us. Em 2011, a produ\u00e7\u00e3o de Billy Bond, tamb\u00e9m produzido pela MVU, foi aclamadacom o sucesso de cr\u00edtica e p\u00fablico do musical &#8220;O M\u00e1gico de OZ&#8221;. Em 2012,\u201cA Bela e a Fera\u201d promete encantar ainda mais o p\u00fablico, numa montagem com qualidade nunca antes vista na regi\u00e3o.<br \/>\nO espet\u00e1culo \u00e9 mais um da s\u00e9rie de \u201cfamiliares\u201d que a produtora Black &amp;Red desenvolve em homenagem aos grandes cl\u00e1ssicos da literatura infanto-juvenil. Billy Bond, diretor a frente da companhia, \u00e9 considerado o maior diretor de musicais em atividade no Brasil.<\/p>\n<p>Os primeiros ingressos para o espet\u00e1culo j\u00e1 est\u00e3o \u00e0 venda, atrav\u00e9s do sistema online, apenas pelo facebook, no link: www.facebook.com\/mvueventos, podendo ser dividido em 12 parcelas no cart\u00e3o de cr\u00e9dito. Os pre\u00e7os para ingressos antecipados s\u00e3o R$80 (audit\u00f3rio inteira),R$40 (audit\u00f3rio meia), R$100 (\u00e1rea vip) e R$50 (\u00e1rea vip infantil). Os mesmo tamb\u00e9m podem ser adquiridos na loja Mulekada, Encantur (Ilh\u00e9us e Itabuna), Stand do Karioka, Bicho Festeiro e Central de Ingressos.<\/p>\n<p>Maiores informa\u00e7\u00f5es atrav\u00e9s do n\u00famero 73 3231-2100 ou e-mail eventos@m21.com.br.<\/p>\n","protected":false},"excerpt":{"rendered":"<p>Visto por mais de 18 milh\u00f5es de pessoas em todo mundo, o espet\u00e1culo \u201cA Bela e a Fera\u201d ser\u00e1 apresentado em Ilh\u00e9us nos dias 09 e 10 de Junho, no Centro de Conven\u00e7\u00f5es, \u00e0s 19 horas e \u00e0s 17 horas, respectivamente, em mais umaprodu\u00e7\u00e3o de sucesso da MVU Eventos, uma empresa do Grupo M21. Com180 [&hellip;]<\/p>\n","protected":false},"author":2,"featured_media":0,"comment_status":"open","ping_status":"open","sticky":false,"template":"","format":"standard","meta":{"_links_to":"","_links_to_target":""},"categories":[5],"tags":[],"_links":{"self":[{"href":"https:\/\/www.r2cpress.com.br\/v1\/wp-json\/wp\/v2\/posts\/40460"}],"collection":[{"href":"https:\/\/www.r2cpress.com.br\/v1\/wp-json\/wp\/v2\/posts"}],"about":[{"href":"https:\/\/www.r2cpress.com.br\/v1\/wp-json\/wp\/v2\/types\/post"}],"author":[{"embeddable":true,"href":"https:\/\/www.r2cpress.com.br\/v1\/wp-json\/wp\/v2\/users\/2"}],"replies":[{"embeddable":true,"href":"https:\/\/www.r2cpress.com.br\/v1\/wp-json\/wp\/v2\/comments?post=40460"}],"version-history":[{"count":4,"href":"https:\/\/www.r2cpress.com.br\/v1\/wp-json\/wp\/v2\/posts\/40460\/revisions"}],"predecessor-version":[{"id":40606,"href":"https:\/\/www.r2cpress.com.br\/v1\/wp-json\/wp\/v2\/posts\/40460\/revisions\/40606"}],"wp:attachment":[{"href":"https:\/\/www.r2cpress.com.br\/v1\/wp-json\/wp\/v2\/media?parent=40460"}],"wp:term":[{"taxonomy":"category","embeddable":true,"href":"https:\/\/www.r2cpress.com.br\/v1\/wp-json\/wp\/v2\/categories?post=40460"},{"taxonomy":"post_tag","embeddable":true,"href":"https:\/\/www.r2cpress.com.br\/v1\/wp-json\/wp\/v2\/tags?post=40460"}],"curies":[{"name":"wp","href":"https:\/\/api.w.org\/{rel}","templated":true}]}}