{"id":4064,"date":"2010-12-08T14:19:07","date_gmt":"2010-12-08T17:19:07","guid":{"rendered":"http:\/\/www.r2cpress.com.br\/v1\/?p=4064"},"modified":"2010-12-08T14:19:07","modified_gmt":"2010-12-08T17:19:07","slug":"camara-municipal-de-ilheus-29","status":"publish","type":"post","link":"https:\/\/www.r2cpress.com.br\/v1\/2010\/12\/08\/camara-municipal-de-ilheus-29\/","title":{"rendered":"C\u00e2mara Municipal de Ilh\u00e9us"},"content":{"rendered":"<p><strong>Augusto Mac\u00eado se defende de den\u00fancias na C\u00e2mara<\/strong><\/p>\n<p><div id=\"attachment_4065\" style=\"width: 310px\" class=\"wp-caption alignright\"><a href=\"http:\/\/www.r2cpress.com.br\/v1\/wp-content\/uploads\/CMI-08-12-2010.jpg\"><img aria-describedby=\"caption-attachment-4065\" loading=\"lazy\" src=\"http:\/\/www.r2cpress.com.br\/v1\/wp-content\/uploads\/CMI-08-12-2010-300x144.jpg\" alt=\"\" title=\"CMI 08 12 2010\" width=\"300\" height=\"144\" class=\"size-medium wp-image-4065\" srcset=\"https:\/\/www.r2cpress.com.br\/v1\/wp-content\/uploads\/CMI-08-12-2010-300x144.jpg 300w, https:\/\/www.r2cpress.com.br\/v1\/wp-content\/uploads\/CMI-08-12-2010.jpg 700w\" sizes=\"(max-width: 300px) 100vw, 300px\" \/><\/a><p id=\"caption-attachment-4065\" class=\"wp-caption-text\">CMI EM A\u00c7\u00c3O.<\/p><\/div>Na tarde desta ter\u00e7a-feira (7), a C\u00e2mara de Vereadores de Ilh\u00e9us, recebeu Augusto Mac\u00eado, Secret\u00e1rio afastado de A\u00e7\u00e3o Social e Trabalho. No in\u00edcio dos trabalhos legislativos, o presidente da Casa, vereador Jailson Nascimento solicitou ao vereador Alzim\u00e1rio Belmonte (Professor Gurita) que fizesse a justificativa enfatizando os motivos da presen\u00e7a do secret\u00e1rio na C\u00e2mara.  \u201cUm dos papeis dos vereadores \u00e9 fiscalizar, e n\u00f3s n\u00e3o poder\u00edamos deixar de convocar o Augusto para prestar esclarecimentos sobre as acusa\u00e7\u00f5es feitas a sua pessoa\u201d, lembrou. <\/p>\n<p><!--more--><\/p>\n<p>Logo ap\u00f3s a leitura da justificativa, Mac\u00eado fez uma explana\u00e7\u00e3o aos vereadores e as pessoas presentes no Plen\u00e1rio Legislativo onde enfatizou que assim que a auditoria que est\u00e1 sendo feita na Secretaria for conclu\u00edda ele pedir\u00e1 para ser exonerado. \u201cIlh\u00e9us pode perder a gest\u00e3o plena da secretaria a qualquer momento, isso porque o munic\u00edpio n\u00e3o colocou o plano em pr\u00e1tica desde 2005\u201d, disse.  Caso a descentraliza\u00e7\u00e3o financeira n\u00e3o seja feita, a Secretaria de A\u00e7\u00e3o Social e Trabalho ficar\u00e1 sem recursos a partir de janeiro do pr\u00f3ximo ano. <\/p>\n<p>O secret\u00e1rio afastado esclareceu ainda a suposta den\u00fancia feita a sua pessoa sobre ass\u00e9dio sexual nas depend\u00eancias da secretaria. \u201cEu desconhe\u00e7o quem foi que eu assediei, as pessoas falam as coisas e n\u00e3o comprovam. Quem tiver as provas pode apresent\u00e1-las para que eu me defenda\u201d, lembrou. <\/p>\n<p>Posteriormente Mac\u00eado disse que realmente houve um incha\u00e7o no quadro de funcion\u00e1rios do ProJovem e do Bolsa Fam\u00edlia, mas que tudo isso foi feito para agradar alguns grupos pol\u00edticos. \u201cLogo quando assumi a secretaria estava desestruturada, mas com o passar do tempo o quadro de funcion\u00e1rios foi inchando cada vez mais para agradar certos pol\u00edticos, admito que realmente foram contratadas muitas pessoas, mas n\u00e3o repetiria o mesmo erro\u201d, salientou. Ao final da sua defesa, Augusto Mac\u00eado agradeceu a oportunidade do Legislativo em convid\u00e1-lo para poder se defender, uma vez que a sindic\u00e2ncia feita na secretaria n\u00e3o deu oportunidade para isso, at\u00e9 porque esse n\u00e3o \u00e9 o papel da sindic\u00e2ncia.<\/p>\n<p>Os vereadores presentes na Sess\u00e3o agradeceram a presen\u00e7a e a explana\u00e7\u00e3o feita por Mac\u00eado. \u201cGostaria de parabenizar Augusto e lembrar que a n\u00e3o descentraliza\u00e7\u00e3o financeira \u00e9 criminosa, quem tem que gerir o fundo \u00e9 o secret\u00e1rio da pasta e n\u00e3o o de finan\u00e7as, o processo tem que ser feito urgentemente para que o trabalho seja feito tranquilamente\u201d, finalizou o vereador Aldemir Almeida. <\/p>\n","protected":false},"excerpt":{"rendered":"<p>Augusto Mac\u00eado se defende de den\u00fancias na C\u00e2mara Na tarde desta ter\u00e7a-feira (7), a C\u00e2mara de Vereadores de Ilh\u00e9us, recebeu Augusto Mac\u00eado, Secret\u00e1rio afastado de A\u00e7\u00e3o Social e Trabalho. No in\u00edcio dos trabalhos legislativos, o presidente da Casa, vereador Jailson Nascimento solicitou ao vereador Alzim\u00e1rio Belmonte (Professor Gurita) que fizesse a justificativa enfatizando os motivos [&hellip;]<\/p>\n","protected":false},"author":2,"featured_media":0,"comment_status":"open","ping_status":"open","sticky":false,"template":"","format":"standard","meta":{"_links_to":"","_links_to_target":""},"categories":[22],"tags":[],"_links":{"self":[{"href":"https:\/\/www.r2cpress.com.br\/v1\/wp-json\/wp\/v2\/posts\/4064"}],"collection":[{"href":"https:\/\/www.r2cpress.com.br\/v1\/wp-json\/wp\/v2\/posts"}],"about":[{"href":"https:\/\/www.r2cpress.com.br\/v1\/wp-json\/wp\/v2\/types\/post"}],"author":[{"embeddable":true,"href":"https:\/\/www.r2cpress.com.br\/v1\/wp-json\/wp\/v2\/users\/2"}],"replies":[{"embeddable":true,"href":"https:\/\/www.r2cpress.com.br\/v1\/wp-json\/wp\/v2\/comments?post=4064"}],"version-history":[{"count":2,"href":"https:\/\/www.r2cpress.com.br\/v1\/wp-json\/wp\/v2\/posts\/4064\/revisions"}],"predecessor-version":[{"id":4067,"href":"https:\/\/www.r2cpress.com.br\/v1\/wp-json\/wp\/v2\/posts\/4064\/revisions\/4067"}],"wp:attachment":[{"href":"https:\/\/www.r2cpress.com.br\/v1\/wp-json\/wp\/v2\/media?parent=4064"}],"wp:term":[{"taxonomy":"category","embeddable":true,"href":"https:\/\/www.r2cpress.com.br\/v1\/wp-json\/wp\/v2\/categories?post=4064"},{"taxonomy":"post_tag","embeddable":true,"href":"https:\/\/www.r2cpress.com.br\/v1\/wp-json\/wp\/v2\/tags?post=4064"}],"curies":[{"name":"wp","href":"https:\/\/api.w.org\/{rel}","templated":true}]}}