{"id":40780,"date":"2012-05-14T21:22:36","date_gmt":"2012-05-15T00:22:36","guid":{"rendered":"http:\/\/www.r2cpress.com.br\/v1\/?p=40780"},"modified":"2012-05-14T21:22:36","modified_gmt":"2012-05-15T00:22:36","slug":"68a-cipm-prende-individuo-por-furto-no-centro-da-cidqde","status":"publish","type":"post","link":"https:\/\/www.r2cpress.com.br\/v1\/2012\/05\/14\/68a-cipm-prende-individuo-por-furto-no-centro-da-cidqde\/","title":{"rendered":"68\u00aa CIPM PRENDE INDIV\u00cdDUO POR FURTO NO CENTRO DA CIDQDE"},"content":{"rendered":"<p align=\"center\"><strong>POL\u00cdCIA MILITAR DA BAHIA<\/strong><\/p>\n<p align=\"center\"><strong>COMANDO DE POLICIAMENTO REGIONAL SUL<\/strong><\/p>\n<p align=\"center\"><strong>68\u00aa COMPANHIA DE POL\u00cdCIA MILITAR<\/strong><\/p>\n<p align=\"center\"><strong>\u00a068\u00aa CIPM PRENDE INDIV\u00cdDUO POR FURTO NO CENTRO DA CIDQDE <\/strong><\/p>\n<p>\u00a0Na data de 14\/05\/2012, por volta das 16h00min, policiais da 68\u00aa CIPM, realizaram dilig\u00eancia na Pra\u00e7a Rui Barbosa &#8211; Centro que resultou na pris\u00e3o de <strong>MARCOS VINICIUS NASCIMENTO SOUZA<\/strong>, 19 anos, tendo sido encontrado em seu poder 02 (dois) perfumes, 01 (um) creme hidratante, produto de furto ap\u00f3s arrombar um veiculo estacionado pr\u00f3ximo a Igreja S\u00e3o Jorge; Que ainda foi encontrado em seu poder 07 trouxas de maconha; Que o mesmo foi conduzido e apresentado junto a 7\u00aa COORPIN onde foram adotadas as medidas legais.<\/p>\n<p><strong>\u00a0<\/strong><\/p>\n<p><center><div id=\"attachment_40781\" style=\"width: 310px\" class=\"wp-caption aligncenter\"><a href=\"http:\/\/www.r2cpress.com.br\/v1\/wp-content\/uploads\/Marcus-Vinicius-Nascimento-de-Souza-Flanelinha-S\u00e3o-jos\u00e9.jpg\"><img aria-describedby=\"caption-attachment-40781\" loading=\"lazy\" src=\"http:\/\/www.r2cpress.com.br\/v1\/wp-content\/uploads\/Marcus-Vinicius-Nascimento-de-Souza-Flanelinha-S\u00e3o-jos\u00e9-300x272.jpg\" alt=\"\" title=\"Marcus Vinicius Nascimento de Souza (Flanelinha - S\u00e3o jos\u00e9)\" width=\"300\" height=\"272\" class=\"size-medium wp-image-40781\" srcset=\"https:\/\/www.r2cpress.com.br\/v1\/wp-content\/uploads\/Marcus-Vinicius-Nascimento-de-Souza-Flanelinha-S\u00e3o-jos\u00e9-300x272.jpg 300w, https:\/\/www.r2cpress.com.br\/v1\/wp-content\/uploads\/Marcus-Vinicius-Nascimento-de-Souza-Flanelinha-S\u00e3o-jos\u00e9.jpg 680w\" sizes=\"(max-width: 300px) 100vw, 300px\" \/><\/a><p id=\"caption-attachment-40781\" class=\"wp-caption-text\">Marcus Vinicius Nascimento de Souza (Flanelinha - S\u00e3o Jorge)<\/p><\/div><\/center><\/p>\n","protected":false},"excerpt":{"rendered":"<p>POL\u00cdCIA MILITAR DA BAHIA COMANDO DE POLICIAMENTO REGIONAL SUL 68\u00aa COMPANHIA DE POL\u00cdCIA MILITAR \u00a068\u00aa CIPM PRENDE INDIV\u00cdDUO POR FURTO NO CENTRO DA CIDQDE \u00a0Na data de 14\/05\/2012, por volta das 16h00min, policiais da 68\u00aa CIPM, realizaram dilig\u00eancia na Pra\u00e7a Rui Barbosa &#8211; Centro que resultou na pris\u00e3o de MARCOS VINICIUS NASCIMENTO SOUZA, 19 anos, [&hellip;]<\/p>\n","protected":false},"author":2,"featured_media":0,"comment_status":"open","ping_status":"open","sticky":false,"template":"","format":"standard","meta":{"_links_to":"","_links_to_target":""},"categories":[25],"tags":[],"_links":{"self":[{"href":"https:\/\/www.r2cpress.com.br\/v1\/wp-json\/wp\/v2\/posts\/40780"}],"collection":[{"href":"https:\/\/www.r2cpress.com.br\/v1\/wp-json\/wp\/v2\/posts"}],"about":[{"href":"https:\/\/www.r2cpress.com.br\/v1\/wp-json\/wp\/v2\/types\/post"}],"author":[{"embeddable":true,"href":"https:\/\/www.r2cpress.com.br\/v1\/wp-json\/wp\/v2\/users\/2"}],"replies":[{"embeddable":true,"href":"https:\/\/www.r2cpress.com.br\/v1\/wp-json\/wp\/v2\/comments?post=40780"}],"version-history":[{"count":5,"href":"https:\/\/www.r2cpress.com.br\/v1\/wp-json\/wp\/v2\/posts\/40780\/revisions"}],"predecessor-version":[{"id":40786,"href":"https:\/\/www.r2cpress.com.br\/v1\/wp-json\/wp\/v2\/posts\/40780\/revisions\/40786"}],"wp:attachment":[{"href":"https:\/\/www.r2cpress.com.br\/v1\/wp-json\/wp\/v2\/media?parent=40780"}],"wp:term":[{"taxonomy":"category","embeddable":true,"href":"https:\/\/www.r2cpress.com.br\/v1\/wp-json\/wp\/v2\/categories?post=40780"},{"taxonomy":"post_tag","embeddable":true,"href":"https:\/\/www.r2cpress.com.br\/v1\/wp-json\/wp\/v2\/tags?post=40780"}],"curies":[{"name":"wp","href":"https:\/\/api.w.org\/{rel}","templated":true}]}}