{"id":40992,"date":"2012-05-17T13:09:18","date_gmt":"2012-05-17T16:09:18","guid":{"rendered":"http:\/\/www.r2cpress.com.br\/v1\/?p=40992"},"modified":"2012-05-17T13:09:18","modified_gmt":"2012-05-17T16:09:18","slug":"em-itabuna","status":"publish","type":"post","link":"https:\/\/www.r2cpress.com.br\/v1\/2012\/05\/17\/em-itabuna\/","title":{"rendered":"EM ITABUNA"},"content":{"rendered":"<h2><a href=\"http:\/\/www.cenabahiana.com.br\/v1\/2012\/05\/17\/psdb-confirmara-indicacao-do-vice-de-azevedo\/\" target=\"_blank\">PSDB CONFIRMAR\u00c1 INDICA\u00c7\u00c3O DO VICE DE AZEVEDO<\/a><\/h2>\n<div><\/div>\n<div>A pr\u00e9-candidatura de Ronald Kalid (PSDB) a prefeito de Itabuna est\u00e1 com as horas contadas. \u00c9 l\u00edquido e certo que os tucanos marchar\u00e3o com o prefeito Capit\u00e3o Azevedo (DEM), na sucess\u00e3o municipal.<\/div>\n<div><\/div>\n<div>Leia mais no <a href=\"http:\/\/www.cenabahiana.com.br\/v1\/\" target=\"_blank\">CENA BAHIANA<\/a><\/div>\n","protected":false},"excerpt":{"rendered":"<p>PSDB CONFIRMAR\u00c1 INDICA\u00c7\u00c3O DO VICE DE AZEVEDO A pr\u00e9-candidatura de Ronald Kalid (PSDB) a prefeito de Itabuna est\u00e1 com as horas contadas. \u00c9 l\u00edquido e certo que os tucanos marchar\u00e3o com o prefeito Capit\u00e3o Azevedo (DEM), na sucess\u00e3o municipal. Leia mais no CENA BAHIANA<\/p>\n","protected":false},"author":2,"featured_media":0,"comment_status":"open","ping_status":"open","sticky":false,"template":"","format":"standard","meta":{"_links_to":"","_links_to_target":""},"categories":[15],"tags":[],"_links":{"self":[{"href":"https:\/\/www.r2cpress.com.br\/v1\/wp-json\/wp\/v2\/posts\/40992"}],"collection":[{"href":"https:\/\/www.r2cpress.com.br\/v1\/wp-json\/wp\/v2\/posts"}],"about":[{"href":"https:\/\/www.r2cpress.com.br\/v1\/wp-json\/wp\/v2\/types\/post"}],"author":[{"embeddable":true,"href":"https:\/\/www.r2cpress.com.br\/v1\/wp-json\/wp\/v2\/users\/2"}],"replies":[{"embeddable":true,"href":"https:\/\/www.r2cpress.com.br\/v1\/wp-json\/wp\/v2\/comments?post=40992"}],"version-history":[{"count":3,"href":"https:\/\/www.r2cpress.com.br\/v1\/wp-json\/wp\/v2\/posts\/40992\/revisions"}],"predecessor-version":[{"id":40995,"href":"https:\/\/www.r2cpress.com.br\/v1\/wp-json\/wp\/v2\/posts\/40992\/revisions\/40995"}],"wp:attachment":[{"href":"https:\/\/www.r2cpress.com.br\/v1\/wp-json\/wp\/v2\/media?parent=40992"}],"wp:term":[{"taxonomy":"category","embeddable":true,"href":"https:\/\/www.r2cpress.com.br\/v1\/wp-json\/wp\/v2\/categories?post=40992"},{"taxonomy":"post_tag","embeddable":true,"href":"https:\/\/www.r2cpress.com.br\/v1\/wp-json\/wp\/v2\/tags?post=40992"}],"curies":[{"name":"wp","href":"https:\/\/api.w.org\/{rel}","templated":true}]}}