{"id":4118,"date":"2010-12-09T12:09:08","date_gmt":"2010-12-09T15:09:08","guid":{"rendered":"http:\/\/www.r2cpress.com.br\/v1\/?p=4118"},"modified":"2010-12-09T12:09:08","modified_gmt":"2010-12-09T15:09:08","slug":"angela-sousa-preocupada-com-a-seguranca-em-ilheus","status":"publish","type":"post","link":"https:\/\/www.r2cpress.com.br\/v1\/2010\/12\/09\/angela-sousa-preocupada-com-a-seguranca-em-ilheus\/","title":{"rendered":"\u00c2ngela Sousa preocupada com a seguran\u00e7a em Ilh\u00e9us"},"content":{"rendered":"<p><a href=\"http:\/\/www.r2cpress.com.br\/v1\/wp-content\/uploads\/angela-seguranca-ilheus.jpg\"><img loading=\"lazy\" src=\"http:\/\/www.r2cpress.com.br\/v1\/wp-content\/uploads\/angela-seguranca-ilheus-300x225.jpg\" alt=\"\" title=\"angela seguranca ilheus\" width=\"300\" height=\"225\" class=\"alignleft size-medium wp-image-4119\" srcset=\"https:\/\/www.r2cpress.com.br\/v1\/wp-content\/uploads\/angela-seguranca-ilheus-300x225.jpg 300w, https:\/\/www.r2cpress.com.br\/v1\/wp-content\/uploads\/angela-seguranca-ilheus.jpg 700w\" sizes=\"(max-width: 300px) 100vw, 300px\" \/><\/a>A deputada estadual \u00c2ngela Sousa (PSC) reuniu-se esta semana com o comandante-geral da Pol\u00edcia Militar da Bahia, Coronel Nilton Mascarenhas, para discutir a implanta\u00e7\u00e3o de novos servi\u00e7os na \u00e1rea da seguran\u00e7a p\u00fablica em Ilh\u00e9us. Entre as solicita\u00e7\u00f5es feitas pela parlamentar, as principais foram que a cidade seja atendida pelas a\u00e7\u00f5es de Ronda nos Bairros, Ronda na Escola e Opera\u00e7\u00e3o Nazireu, que combate o tr\u00e1fico de drogas e o porte ilegal de armas.<\/p>\n<p>Na visita ao comandante, \u00c2ngela estava acompanhada pelo vice-prefeito de Ilh\u00e9us, M\u00e1rio Alexandre, que, em nome do prefeito Newton Lima, refor\u00e7ou a necessidade de aumentar os investimentos em seguran\u00e7a p\u00fablica na cidade sul-baiana. \u201cIlh\u00e9us tem quase 200 mil habitantes, \u00e9 um dos destinos tur\u00edsticos mais procurados da Bahia e enfrenta problemas com a viol\u00eancia urbana, principalmente relacionados ao tr\u00e1fico de drogas\u201d, observou o vice-prefeito.<\/p>\n<p><!--more--><\/p>\n<p>Mascarenhas afirmou que todos os esfor\u00e7os ser\u00e3o empreendidos para que a Ronda na Escola e a Opera\u00e7\u00e3o Nazireu sejam levadas a Ilh\u00e9us. \u201cConsideramos a cidade um ponto estrat\u00e9gico para essas a\u00e7\u00f5es\u201d, declarou o comandante. Com rela\u00e7\u00e3o ao Ronda nos Bairros, Mascarenhas destacou que a filosofia e o treinamento espec\u00edfico para esse projeto ser\u00e3o transmitidos \u00e0 PM em Ilh\u00e9us, preparando os policiais para a futura implanta\u00e7\u00e3o, que depende da Secretaria da Seguran\u00e7a P\u00fablica.<\/p>\n","protected":false},"excerpt":{"rendered":"<p>A deputada estadual \u00c2ngela Sousa (PSC) reuniu-se esta semana com o comandante-geral da Pol\u00edcia Militar da Bahia, Coronel Nilton Mascarenhas, para discutir a implanta\u00e7\u00e3o de novos servi\u00e7os na \u00e1rea da seguran\u00e7a p\u00fablica em Ilh\u00e9us. Entre as solicita\u00e7\u00f5es feitas pela parlamentar, as principais foram que a cidade seja atendida pelas a\u00e7\u00f5es de Ronda nos Bairros, Ronda [&hellip;]<\/p>\n","protected":false},"author":2,"featured_media":0,"comment_status":"open","ping_status":"open","sticky":false,"template":"","format":"standard","meta":{"_links_to":"","_links_to_target":""},"categories":[22],"tags":[],"_links":{"self":[{"href":"https:\/\/www.r2cpress.com.br\/v1\/wp-json\/wp\/v2\/posts\/4118"}],"collection":[{"href":"https:\/\/www.r2cpress.com.br\/v1\/wp-json\/wp\/v2\/posts"}],"about":[{"href":"https:\/\/www.r2cpress.com.br\/v1\/wp-json\/wp\/v2\/types\/post"}],"author":[{"embeddable":true,"href":"https:\/\/www.r2cpress.com.br\/v1\/wp-json\/wp\/v2\/users\/2"}],"replies":[{"embeddable":true,"href":"https:\/\/www.r2cpress.com.br\/v1\/wp-json\/wp\/v2\/comments?post=4118"}],"version-history":[{"count":2,"href":"https:\/\/www.r2cpress.com.br\/v1\/wp-json\/wp\/v2\/posts\/4118\/revisions"}],"predecessor-version":[{"id":4121,"href":"https:\/\/www.r2cpress.com.br\/v1\/wp-json\/wp\/v2\/posts\/4118\/revisions\/4121"}],"wp:attachment":[{"href":"https:\/\/www.r2cpress.com.br\/v1\/wp-json\/wp\/v2\/media?parent=4118"}],"wp:term":[{"taxonomy":"category","embeddable":true,"href":"https:\/\/www.r2cpress.com.br\/v1\/wp-json\/wp\/v2\/categories?post=4118"},{"taxonomy":"post_tag","embeddable":true,"href":"https:\/\/www.r2cpress.com.br\/v1\/wp-json\/wp\/v2\/tags?post=4118"}],"curies":[{"name":"wp","href":"https:\/\/api.w.org\/{rel}","templated":true}]}}