{"id":41253,"date":"2012-05-21T10:32:12","date_gmt":"2012-05-21T13:32:12","guid":{"rendered":"http:\/\/www.r2cpress.com.br\/v1\/?p=41253"},"modified":"2012-05-21T10:32:12","modified_gmt":"2012-05-21T13:32:12","slug":"movimento-salve-a-br-251ba-ilheus-buerarema-2","status":"publish","type":"post","link":"https:\/\/www.r2cpress.com.br\/v1\/2012\/05\/21\/movimento-salve-a-br-251ba-ilheus-buerarema-2\/","title":{"rendered":"Movimento Salve a BR 251\/BA Ilh\u00e9us-Buerarema."},"content":{"rendered":"<p><div id=\"attachment_41254\" style=\"width: 310px\" class=\"wp-caption alignleft\"><a href=\"http:\/\/www.r2cpress.com.br\/v1\/wp-content\/uploads\/MONT-CAPA-SITE-0-F+.jpg\"><img aria-describedby=\"caption-attachment-41254\" loading=\"lazy\" src=\"http:\/\/www.r2cpress.com.br\/v1\/wp-content\/uploads\/MONT-CAPA-SITE-0-F+-300x224.jpg\" alt=\"\" title=\"MONT CAPA SITE 0 F+\" width=\"300\" height=\"224\" class=\"size-medium wp-image-41254\" srcset=\"https:\/\/www.r2cpress.com.br\/v1\/wp-content\/uploads\/MONT-CAPA-SITE-0-F+-300x224.jpg 300w, https:\/\/www.r2cpress.com.br\/v1\/wp-content\/uploads\/MONT-CAPA-SITE-0-F+.jpg 899w\" sizes=\"(max-width: 300px) 100vw, 300px\" \/><\/a><p id=\"caption-attachment-41254\" class=\"wp-caption-text\">Clique para AMPLIAR.<\/p><\/div>BR 101 em Buerarema interditada por varias horas em protesto pelos estudantes,Associa\u00e7\u00f5es e pequenos produtores o  descaso do DNIT com a BR251\/BA federal, Ilh\u00e9us-Buerarema inaugurada em 1972.<br \/>\nA regi\u00e3o chegou as 10:00 hs da manh\u00e3 e s\u00f3 liberou a BR 101 as 15:00.<\/p>\n<p>Milhares de crian\u00e7as e  jovens e adultos est\u00e3o impedidas de Ir a escola devido a trafegabilidade da BR 251\/BA Ilh\u00e9us-Buerarema em calamidade.<\/p>\n<p>O Derba realizou um patrolamento prim\u00e1rio na BR 251 e colocou um barro ao inv\u00e9s de colocar cascalho  a situa\u00e7\u00e3o ficou ainda pior,mais de 40 mil familias hoje 21 de maio de 2012 encontra-se mais uma semana deste m\u00eas de maio sem transporte na regi\u00e3o da BR 251\/BA Ilh\u00e9us-Buerarema.<\/p>\n<p>A semana passada o minist\u00e9rio publico Federal informou que est\u00e1 aguardando o julgamento do processo de n\u00ba765-11.2011.4.01.3301.a\u00e7\u00e3o civil publica s\u00f3 depende agora do juiz Federal.essas foram as informa\u00e7\u00f5es do MPF.O processo est\u00e1 para na justi\u00e7a federal em Ilh\u00e9us ,queremos o julgamento do processo.<\/p>\n<p>O DNIT foi condenado pela justi\u00e7a Federal em ilh\u00e9us  a realizar as obras de pavimenta\u00e7\u00e3o Asf\u00e1ltica mais at\u00e9 agora s\u00f3 lama.<\/p>\n<p>Presidente.<\/p>\n<p>Jorge Anuncia\u00e7\u00e3o<br \/>\ntel;73-8107-6080.<\/p>\n","protected":false},"excerpt":{"rendered":"<p>BR 101 em Buerarema interditada por varias horas em protesto pelos estudantes,Associa\u00e7\u00f5es e pequenos produtores o descaso do DNIT com a BR251\/BA federal, Ilh\u00e9us-Buerarema inaugurada em 1972. A regi\u00e3o chegou as 10:00 hs da manh\u00e3 e s\u00f3 liberou a BR 101 as 15:00. Milhares de crian\u00e7as e jovens e adultos est\u00e3o impedidas de Ir a [&hellip;]<\/p>\n","protected":false},"author":2,"featured_media":0,"comment_status":"open","ping_status":"open","sticky":false,"template":"","format":"standard","meta":{"_links_to":"","_links_to_target":""},"categories":[14],"tags":[],"_links":{"self":[{"href":"https:\/\/www.r2cpress.com.br\/v1\/wp-json\/wp\/v2\/posts\/41253"}],"collection":[{"href":"https:\/\/www.r2cpress.com.br\/v1\/wp-json\/wp\/v2\/posts"}],"about":[{"href":"https:\/\/www.r2cpress.com.br\/v1\/wp-json\/wp\/v2\/types\/post"}],"author":[{"embeddable":true,"href":"https:\/\/www.r2cpress.com.br\/v1\/wp-json\/wp\/v2\/users\/2"}],"replies":[{"embeddable":true,"href":"https:\/\/www.r2cpress.com.br\/v1\/wp-json\/wp\/v2\/comments?post=41253"}],"version-history":[{"count":2,"href":"https:\/\/www.r2cpress.com.br\/v1\/wp-json\/wp\/v2\/posts\/41253\/revisions"}],"predecessor-version":[{"id":41256,"href":"https:\/\/www.r2cpress.com.br\/v1\/wp-json\/wp\/v2\/posts\/41253\/revisions\/41256"}],"wp:attachment":[{"href":"https:\/\/www.r2cpress.com.br\/v1\/wp-json\/wp\/v2\/media?parent=41253"}],"wp:term":[{"taxonomy":"category","embeddable":true,"href":"https:\/\/www.r2cpress.com.br\/v1\/wp-json\/wp\/v2\/categories?post=41253"},{"taxonomy":"post_tag","embeddable":true,"href":"https:\/\/www.r2cpress.com.br\/v1\/wp-json\/wp\/v2\/tags?post=41253"}],"curies":[{"name":"wp","href":"https:\/\/api.w.org\/{rel}","templated":true}]}}