{"id":41290,"date":"2012-05-21T14:23:49","date_gmt":"2012-05-21T17:23:49","guid":{"rendered":"http:\/\/www.r2cpress.com.br\/v1\/?p=41290"},"modified":"2012-05-21T14:23:49","modified_gmt":"2012-05-21T17:23:49","slug":"conselho-municipal-de-cultura-cmc-2","status":"publish","type":"post","link":"https:\/\/www.r2cpress.com.br\/v1\/2012\/05\/21\/conselho-municipal-de-cultura-cmc-2\/","title":{"rendered":"CONSELHO MUNICIPAL DE CULTURA &#8211; CMC"},"content":{"rendered":"<p>Em virtude dos encaminhamentos visando a implementa\u00e7\u00e3o do Plano Municipal de Cultura, junto \u00e0 Prefeitura e \u00e0 C\u00e2mara de Vereadores, assimcomo das a\u00e7\u00f5es junto ao Minist\u00e9rio P\u00fablico e o envolvimento de v\u00e1rios conselheiros, direta ou indiretamente, no projeto Maio M\u00eas da Dan\u00e7a, n\u00e3o foi poss\u00edvel a convoca\u00e7\u00e3o da Assembl\u00e9ia do CMC, na data prevista. Diante deste fato, a Presid\u00eancia do Conselho convoca uma Assembl\u00e9ia Ordin\u00e1ria a ser realizada no dia 22 de maio de 2012 (pr\u00f3xima ter\u00e7a-feira), na FUNDACI, com primeira chamada \u00e0s 16 horas e trinta minutos, com a seguinte pauta:<\/p>\n<p>1- Informes;<\/p>\n<p>2-Edital Projeto Cultural 100 Anos de Jorge Amado &#8211; FUNDACI (5 Projetos de R$ 5.000,00 cada);<br \/>\n3-Revis\u00e3o do Cronograma de Reuni\u00f5es do CMC;<br \/>\n4-Verbas de Fundos Culturais Estaduais e Federais Captados Pelo Munic\u00edpio;<br \/>\n5-Espa\u00e7o Provis\u00f3rio &#8211; Sala do CMC;<br \/>\n6-Avalia\u00e7\u00e3o do Primeiro Ano de Gest\u00e3o do CMC;<br \/>\n7-O Que Ocorrer.<\/p>\n<p>Lembramos que a sua presen\u00e7a \u00e9 fundamental. De tal forma, solicitamos aos conselheiros impedidos de participarem da Assembl\u00e9ia que solicitem a presen\u00e7a dos seus suplentes e\/ou representantes das suas c\u00e2maras setoriais.<\/p>\n<p>Atenciosamente,<br \/>\nAndr\u00e9 Rosa &#8211; Secret\u00e1rio-Geral<\/p>\n","protected":false},"excerpt":{"rendered":"<p>Em virtude dos encaminhamentos visando a implementa\u00e7\u00e3o do Plano Municipal de Cultura, junto \u00e0 Prefeitura e \u00e0 C\u00e2mara de Vereadores, assimcomo das a\u00e7\u00f5es junto ao Minist\u00e9rio P\u00fablico e o envolvimento de v\u00e1rios conselheiros, direta ou indiretamente, no projeto Maio M\u00eas da Dan\u00e7a, n\u00e3o foi poss\u00edvel a convoca\u00e7\u00e3o da Assembl\u00e9ia do CMC, na data prevista. Diante [&hellip;]<\/p>\n","protected":false},"author":2,"featured_media":0,"comment_status":"open","ping_status":"open","sticky":false,"template":"","format":"standard","meta":{"_links_to":"","_links_to_target":""},"categories":[5],"tags":[],"_links":{"self":[{"href":"https:\/\/www.r2cpress.com.br\/v1\/wp-json\/wp\/v2\/posts\/41290"}],"collection":[{"href":"https:\/\/www.r2cpress.com.br\/v1\/wp-json\/wp\/v2\/posts"}],"about":[{"href":"https:\/\/www.r2cpress.com.br\/v1\/wp-json\/wp\/v2\/types\/post"}],"author":[{"embeddable":true,"href":"https:\/\/www.r2cpress.com.br\/v1\/wp-json\/wp\/v2\/users\/2"}],"replies":[{"embeddable":true,"href":"https:\/\/www.r2cpress.com.br\/v1\/wp-json\/wp\/v2\/comments?post=41290"}],"version-history":[{"count":2,"href":"https:\/\/www.r2cpress.com.br\/v1\/wp-json\/wp\/v2\/posts\/41290\/revisions"}],"predecessor-version":[{"id":41292,"href":"https:\/\/www.r2cpress.com.br\/v1\/wp-json\/wp\/v2\/posts\/41290\/revisions\/41292"}],"wp:attachment":[{"href":"https:\/\/www.r2cpress.com.br\/v1\/wp-json\/wp\/v2\/media?parent=41290"}],"wp:term":[{"taxonomy":"category","embeddable":true,"href":"https:\/\/www.r2cpress.com.br\/v1\/wp-json\/wp\/v2\/categories?post=41290"},{"taxonomy":"post_tag","embeddable":true,"href":"https:\/\/www.r2cpress.com.br\/v1\/wp-json\/wp\/v2\/tags?post=41290"}],"curies":[{"name":"wp","href":"https:\/\/api.w.org\/{rel}","templated":true}]}}