{"id":4138,"date":"2010-12-09T14:40:22","date_gmt":"2010-12-09T17:40:22","guid":{"rendered":"http:\/\/www.r2cpress.com.br\/v1\/?p=4138"},"modified":"2010-12-09T14:40:22","modified_gmt":"2010-12-09T17:40:22","slug":"camara-municipal-de-ilheus-30","status":"publish","type":"post","link":"https:\/\/www.r2cpress.com.br\/v1\/2010\/12\/09\/camara-municipal-de-ilheus-30\/","title":{"rendered":"C\u00e2mara Municipal de Ilh\u00e9us"},"content":{"rendered":"<p><strong>Situa\u00e7\u00e3o dos cemit\u00e9rios de Ilh\u00e9us \u00e9 debatida na C\u00e2mara<\/strong><\/p>\n<p><div id=\"attachment_4139\" style=\"width: 310px\" class=\"wp-caption alignleft\"><a href=\"http:\/\/www.r2cpress.com.br\/v1\/wp-content\/uploads\/Marcos-Ant\u00f4nio-Clemente-o-Carioca-falou-sobre-a-situa\u00e7\u00e3o-dos-cemit\u00e9rios-na-C\u00e2mara.jpg\"><img aria-describedby=\"caption-attachment-4139\" loading=\"lazy\" src=\"http:\/\/www.r2cpress.com.br\/v1\/wp-content\/uploads\/Marcos-Ant\u00f4nio-Clemente-o-Carioca-falou-sobre-a-situa\u00e7\u00e3o-dos-cemit\u00e9rios-na-C\u00e2mara-300x225.jpg\" alt=\"\" title=\"Marcos Ant\u00f4nio Clemente, o Carioca, falou sobre a situa\u00e7\u00e3o dos cemit\u00e9rios na C\u00e2mara\" width=\"300\" height=\"225\" class=\"size-medium wp-image-4139\" srcset=\"https:\/\/www.r2cpress.com.br\/v1\/wp-content\/uploads\/Marcos-Ant\u00f4nio-Clemente-o-Carioca-falou-sobre-a-situa\u00e7\u00e3o-dos-cemit\u00e9rios-na-C\u00e2mara-300x225.jpg 300w, https:\/\/www.r2cpress.com.br\/v1\/wp-content\/uploads\/Marcos-Ant\u00f4nio-Clemente-o-Carioca-falou-sobre-a-situa\u00e7\u00e3o-dos-cemit\u00e9rios-na-C\u00e2mara.jpg 500w\" sizes=\"(max-width: 300px) 100vw, 300px\" \/><\/a><p id=\"caption-attachment-4139\" class=\"wp-caption-text\">CMI EM A\u00c7\u00c3O.<\/p><\/div>Na sess\u00e3o desta quarta-feira (8), Marcos Ant\u00f4nio Clemente, o popular Carioca, gerente dos Cemit\u00e9rios de Ilh\u00e9us, ocupou o Plen\u00e1rio da C\u00e2mara para relatar a situa\u00e7\u00e3o dos Cemit\u00e9rios da cidade. O requerimento para que ele fizesse uso da palavra partiu do vereador Edivaldo Nascimento (Dinho G\u00e1s).<\/p>\n<p>Carioca afirmou que os Cemit\u00e9rios da cidade est\u00e3o em estado de calamidade, j\u00e1 que h\u00e1 muitos anos os mesmo n\u00e3o t\u00eam recebido a devida aten\u00e7\u00e3o da administra\u00e7\u00e3o municipal. \u201cOs Cemit\u00e9rios do Pontal e do Bas\u00edlio est\u00e3o sem covas, uma das sa\u00eddas \u00e9 tentar construir gavetas e oss\u00e1rios nos dois, para que assim a situa\u00e7\u00e3o seja amenizada\u201d, disse.<\/p>\n<p>Outra quest\u00e3o levantada foi a falta de funcion\u00e1rios especializados para poder realizar o trabalho. \u201cO munic\u00edpio de Ilh\u00e9us n\u00e3o conta com coveiros, todos os funcion\u00e1rios que trabalham nos cemit\u00e9rios foram contratados para outras fun\u00e7\u00f5es\u201d. Segundo Carioca, a sa\u00edda \u00e9 realizar um concurso destinado \u00fanico e exclusivamente a contrata\u00e7\u00e3o de coveiros. <\/p>\n<p>A viol\u00eancia tamb\u00e9m foi outro ponto debatido e lembrado pelo vereador Marcos Fl\u00e1vio. \u201cOs cemit\u00e9rios de Ilh\u00e9us ficam sem nenhuma seguran\u00e7a durante a noite, pessoas com m\u00e1s inten\u00e7\u00f5es v\u00e3o at\u00e9 l\u00e1 usar drogas e fazer sexo. Por ser um \u00f3rg\u00e3o p\u00fablico, o Executivo tem que disponibilizar guardas municipais para garantirem a seguran\u00e7a dos cemit\u00e9rios\u201d, disse. <\/p>\n<p>Os vereadores presentes na Sess\u00e3o assumiram o compromisso de viabilizar as devidas melhorias para os cemit\u00e9rios da cidade. O edil Alzim\u00e1rio Belmonte (Professor Gurita) disse que muitos s\u00f3 se lembram do cemit\u00e9rio quando algu\u00e9m querido morre, mas que \u00e9 preciso dialogar com o Executivo em busca de esfor\u00e7os para tratar de tal quest\u00e3o. \u201cO que depender do Legislativo, as devidas provid\u00eancias ser\u00e3o tomadas para que os cemit\u00e9rios entrem em pleno funcionamento mais r\u00e1pido poss\u00edvel\u201d, finalizou.<\/p>\n","protected":false},"excerpt":{"rendered":"<p>Situa\u00e7\u00e3o dos cemit\u00e9rios de Ilh\u00e9us \u00e9 debatida na C\u00e2mara Na sess\u00e3o desta quarta-feira (8), Marcos Ant\u00f4nio Clemente, o popular Carioca, gerente dos Cemit\u00e9rios de Ilh\u00e9us, ocupou o Plen\u00e1rio da C\u00e2mara para relatar a situa\u00e7\u00e3o dos Cemit\u00e9rios da cidade. O requerimento para que ele fizesse uso da palavra partiu do vereador Edivaldo Nascimento (Dinho G\u00e1s). Carioca [&hellip;]<\/p>\n","protected":false},"author":2,"featured_media":0,"comment_status":"open","ping_status":"open","sticky":false,"template":"","format":"standard","meta":{"_links_to":"","_links_to_target":""},"categories":[22],"tags":[],"_links":{"self":[{"href":"https:\/\/www.r2cpress.com.br\/v1\/wp-json\/wp\/v2\/posts\/4138"}],"collection":[{"href":"https:\/\/www.r2cpress.com.br\/v1\/wp-json\/wp\/v2\/posts"}],"about":[{"href":"https:\/\/www.r2cpress.com.br\/v1\/wp-json\/wp\/v2\/types\/post"}],"author":[{"embeddable":true,"href":"https:\/\/www.r2cpress.com.br\/v1\/wp-json\/wp\/v2\/users\/2"}],"replies":[{"embeddable":true,"href":"https:\/\/www.r2cpress.com.br\/v1\/wp-json\/wp\/v2\/comments?post=4138"}],"version-history":[{"count":3,"href":"https:\/\/www.r2cpress.com.br\/v1\/wp-json\/wp\/v2\/posts\/4138\/revisions"}],"predecessor-version":[{"id":4142,"href":"https:\/\/www.r2cpress.com.br\/v1\/wp-json\/wp\/v2\/posts\/4138\/revisions\/4142"}],"wp:attachment":[{"href":"https:\/\/www.r2cpress.com.br\/v1\/wp-json\/wp\/v2\/media?parent=4138"}],"wp:term":[{"taxonomy":"category","embeddable":true,"href":"https:\/\/www.r2cpress.com.br\/v1\/wp-json\/wp\/v2\/categories?post=4138"},{"taxonomy":"post_tag","embeddable":true,"href":"https:\/\/www.r2cpress.com.br\/v1\/wp-json\/wp\/v2\/tags?post=4138"}],"curies":[{"name":"wp","href":"https:\/\/api.w.org\/{rel}","templated":true}]}}