{"id":4143,"date":"2010-12-09T14:51:34","date_gmt":"2010-12-09T17:51:34","guid":{"rendered":"http:\/\/www.r2cpress.com.br\/v1\/?p=4143"},"modified":"2010-12-09T14:51:34","modified_gmt":"2010-12-09T17:51:34","slug":"coletiva-de-imprensa-agenda-presidencial","status":"publish","type":"post","link":"https:\/\/www.r2cpress.com.br\/v1\/2010\/12\/09\/coletiva-de-imprensa-agenda-presidencial\/","title":{"rendered":"COLETIVA DE IMPRENSA  AGENDA PRESIDENCIAL"},"content":{"rendered":"<p>        A Secretaria de Imprensa da Presid\u00eancia da Rep\u00fablica realiza nesta quinta-feira, dia 09 de dezembro, entrevista coletiva em Ilh\u00e9us (BA) para tratar da agenda do presidente Luiz In\u00e1cio Lula da Silva no munic\u00edpio. A coletiva de imprensa ser\u00e1 realizada \u00e0s 15h desta quinta no Hotel Jardim Atl\u00e2ntico (Estrada Ilh\u00e9us-Oliven\u00e7a, Km 2, em Ilh\u00e9us).<\/p>\n<p>         Al\u00e9m de representante do Governo da Bahia, a coletiva ter\u00e1 a presen\u00e7a do presidente da Valec Engenharia, Constru\u00e7\u00f5es e Ferrovias S.A., Jos\u00e9 Francisco das Neves.  A Valec \u00e9 a empresa p\u00fablica, vinculada ao Minist\u00e9rio dos Transportes, respons\u00e1vel pela concess\u00e3o de ferrovias.<\/p>\n<p>         O presidente Lula chega a Ilh\u00e9us na sexta-feira (10) para participar, \u00e0s 15h, no Centro de Conven\u00e7\u00f5es Luis Eduardo Magalh\u00e3es, da cerim\u00f4nia de assinatura de contratos para obras do trecho Ilh\u00e9us-Caetit\u00e9 da Ferrovia de Integra\u00e7\u00e3o Oeste-Leste (FIOL).<\/p>\n<p><strong>Entrevista coletiva<\/p>\n<p>Data: Quinta-feira, 09 de dezembro<\/p>\n<p>Hora: 15 horas<\/p>\n<p>Local: Hotel Jardim Atl\u00e2ntico (Estrada Ilh\u00e9us-Oliven\u00e7a, Km 2), em Ilh\u00e9us-BA<br \/>\n<\/strong><\/p>\n<p>Informa\u00e7\u00f5es para a imprensa:<\/p>\n<p>Adriano Floriani<\/p>\n<p>Tel: (61) 9962-1261 \/ 3411-1538<\/p>\n<p><strong>Credenciamento<\/strong>: para a cobertura jornal\u00edstica da agenda presidencial em Ilh\u00e9us-BA, na sexta-feira (10), \u00e9 necess\u00e1rio fazer credenciamento. Informa\u00e7\u00f5es no site: www.imprensa.planalto.gov.br<\/p>\n<p><strong>Informa\u00e7\u00f5es sobre credenciamento:<\/strong><\/p>\n<p>Maria Francisca<\/p>\n<p>Tel: (61) 9962-1413<\/p>\n","protected":false},"excerpt":{"rendered":"<p>A Secretaria de Imprensa da Presid\u00eancia da Rep\u00fablica realiza nesta quinta-feira, dia 09 de dezembro, entrevista coletiva em Ilh\u00e9us (BA) para tratar da agenda do presidente Luiz In\u00e1cio Lula da Silva no munic\u00edpio. A coletiva de imprensa ser\u00e1 realizada \u00e0s 15h desta quinta no Hotel Jardim Atl\u00e2ntico (Estrada Ilh\u00e9us-Oliven\u00e7a, Km 2, em Ilh\u00e9us). Al\u00e9m de [&hellip;]<\/p>\n","protected":false},"author":2,"featured_media":0,"comment_status":"open","ping_status":"open","sticky":false,"template":"","format":"standard","meta":{"_links_to":"","_links_to_target":""},"categories":[18],"tags":[],"_links":{"self":[{"href":"https:\/\/www.r2cpress.com.br\/v1\/wp-json\/wp\/v2\/posts\/4143"}],"collection":[{"href":"https:\/\/www.r2cpress.com.br\/v1\/wp-json\/wp\/v2\/posts"}],"about":[{"href":"https:\/\/www.r2cpress.com.br\/v1\/wp-json\/wp\/v2\/types\/post"}],"author":[{"embeddable":true,"href":"https:\/\/www.r2cpress.com.br\/v1\/wp-json\/wp\/v2\/users\/2"}],"replies":[{"embeddable":true,"href":"https:\/\/www.r2cpress.com.br\/v1\/wp-json\/wp\/v2\/comments?post=4143"}],"version-history":[{"count":2,"href":"https:\/\/www.r2cpress.com.br\/v1\/wp-json\/wp\/v2\/posts\/4143\/revisions"}],"predecessor-version":[{"id":4145,"href":"https:\/\/www.r2cpress.com.br\/v1\/wp-json\/wp\/v2\/posts\/4143\/revisions\/4145"}],"wp:attachment":[{"href":"https:\/\/www.r2cpress.com.br\/v1\/wp-json\/wp\/v2\/media?parent=4143"}],"wp:term":[{"taxonomy":"category","embeddable":true,"href":"https:\/\/www.r2cpress.com.br\/v1\/wp-json\/wp\/v2\/categories?post=4143"},{"taxonomy":"post_tag","embeddable":true,"href":"https:\/\/www.r2cpress.com.br\/v1\/wp-json\/wp\/v2\/tags?post=4143"}],"curies":[{"name":"wp","href":"https:\/\/api.w.org\/{rel}","templated":true}]}}