{"id":4156,"date":"2010-12-09T20:02:14","date_gmt":"2010-12-09T23:02:14","guid":{"rendered":"http:\/\/www.r2cpress.com.br\/v1\/?p=4156"},"modified":"2010-12-09T20:02:14","modified_gmt":"2010-12-09T23:02:14","slug":"camara-municipal-de-ilheus-31","status":"publish","type":"post","link":"https:\/\/www.r2cpress.com.br\/v1\/2010\/12\/09\/camara-municipal-de-ilheus-31\/","title":{"rendered":"C\u00e2mara Municipal de Ilh\u00e9us"},"content":{"rendered":"<p><strong>C\u00e2mara vota Lei Or\u00e7ament\u00e1ria nesta sexta-feira<\/strong><\/p>\n<p><a href=\"http:\/\/www.r2cpress.com.br\/v1\/wp-content\/uploads\/Fachada-C\u00e2mara.jpg\"><img loading=\"lazy\" src=\"http:\/\/www.r2cpress.com.br\/v1\/wp-content\/uploads\/Fachada-C\u00e2mara-204x300.jpg\" alt=\"\" title=\"Fachada C\u00e2mara\" width=\"204\" height=\"300\" class=\"alignright size-medium wp-image-4157\" srcset=\"https:\/\/www.r2cpress.com.br\/v1\/wp-content\/uploads\/Fachada-C\u00e2mara-204x300.jpg 204w, https:\/\/www.r2cpress.com.br\/v1\/wp-content\/uploads\/Fachada-C\u00e2mara.jpg 400w\" sizes=\"(max-width: 204px) 100vw, 204px\" \/><\/a>A primeira vota\u00e7\u00e3o da Lei Or\u00e7ament\u00e1ria Anual (LOA) ser\u00e1 votada na Sess\u00e3o Extraordin\u00e1ria que ser\u00e1 realizada amanh\u00e3 (10) na C\u00e2mara de Vereadores de Ilh\u00e9us. O or\u00e7amento municipal para o exerc\u00edcio de 2011 est\u00e1 estipulado em R$ 289.344.611,28 (Duzentos e oitenta e nove milh\u00f5es, trezentos e quarenta e quatro mil, seiscentos e onze reais e vinte e oito centavos) divididos entre secretarias e legislativo, por exemplo.<\/p>\n<p>Durante todo o m\u00eas de novembro a C\u00e2mara realizou Audi\u00eancias P\u00fablicas para discutir juntamente com a popula\u00e7\u00e3o onde e como deveria ser aplicado o or\u00e7amento referente ao pr\u00f3ximo ano. Os bairros de Salobrinho, Teot\u00f4nio Vilela, Banco Central, Barra e Nossa Senhora da Vit\u00f3ria discutiram quest\u00f5es como transporte, tr\u00e2nsito, infra-estrutura, planejamento, educa\u00e7\u00e3o e sa\u00fade.<\/p>\n<p>\u201cVamos votar a LOA com as emendas propostas por cada vereador dessa casa, por isso as audi\u00eancias foram de suma import\u00e2ncia durante o final do m\u00eas de novembro\u201d, disse o Presidente do Legislativo, vereador Jailson Nascimento. A Sess\u00e3o Extraordin\u00e1ria ter\u00e1 in\u00edcio a partir das 9hs e ser\u00e1 realizada no Plen\u00e1rio legislativo. <\/p>\n","protected":false},"excerpt":{"rendered":"<p>C\u00e2mara vota Lei Or\u00e7ament\u00e1ria nesta sexta-feira A primeira vota\u00e7\u00e3o da Lei Or\u00e7ament\u00e1ria Anual (LOA) ser\u00e1 votada na Sess\u00e3o Extraordin\u00e1ria que ser\u00e1 realizada amanh\u00e3 (10) na C\u00e2mara de Vereadores de Ilh\u00e9us. O or\u00e7amento municipal para o exerc\u00edcio de 2011 est\u00e1 estipulado em R$ 289.344.611,28 (Duzentos e oitenta e nove milh\u00f5es, trezentos e quarenta e quatro mil, [&hellip;]<\/p>\n","protected":false},"author":2,"featured_media":0,"comment_status":"open","ping_status":"open","sticky":false,"template":"","format":"standard","meta":{"_links_to":"","_links_to_target":""},"categories":[22],"tags":[],"_links":{"self":[{"href":"https:\/\/www.r2cpress.com.br\/v1\/wp-json\/wp\/v2\/posts\/4156"}],"collection":[{"href":"https:\/\/www.r2cpress.com.br\/v1\/wp-json\/wp\/v2\/posts"}],"about":[{"href":"https:\/\/www.r2cpress.com.br\/v1\/wp-json\/wp\/v2\/types\/post"}],"author":[{"embeddable":true,"href":"https:\/\/www.r2cpress.com.br\/v1\/wp-json\/wp\/v2\/users\/2"}],"replies":[{"embeddable":true,"href":"https:\/\/www.r2cpress.com.br\/v1\/wp-json\/wp\/v2\/comments?post=4156"}],"version-history":[{"count":2,"href":"https:\/\/www.r2cpress.com.br\/v1\/wp-json\/wp\/v2\/posts\/4156\/revisions"}],"predecessor-version":[{"id":4159,"href":"https:\/\/www.r2cpress.com.br\/v1\/wp-json\/wp\/v2\/posts\/4156\/revisions\/4159"}],"wp:attachment":[{"href":"https:\/\/www.r2cpress.com.br\/v1\/wp-json\/wp\/v2\/media?parent=4156"}],"wp:term":[{"taxonomy":"category","embeddable":true,"href":"https:\/\/www.r2cpress.com.br\/v1\/wp-json\/wp\/v2\/categories?post=4156"},{"taxonomy":"post_tag","embeddable":true,"href":"https:\/\/www.r2cpress.com.br\/v1\/wp-json\/wp\/v2\/tags?post=4156"}],"curies":[{"name":"wp","href":"https:\/\/api.w.org\/{rel}","templated":true}]}}