{"id":4171,"date":"2010-12-10T09:37:52","date_gmt":"2010-12-10T12:37:52","guid":{"rendered":"http:\/\/www.r2cpress.com.br\/v1\/?p=4171"},"modified":"2010-12-10T09:37:52","modified_gmt":"2010-12-10T12:37:52","slug":"poetas-lancam-livro-no-rock-poesia-ii","status":"publish","type":"post","link":"https:\/\/www.r2cpress.com.br\/v1\/2010\/12\/10\/poetas-lancam-livro-no-rock-poesia-ii\/","title":{"rendered":"POETAS LAN\u00c7AM LIVRO NO ROCK &#038; POESIA II"},"content":{"rendered":"<p>\t<a href=\"http:\/\/www.r2cpress.com.br\/v1\/wp-content\/uploads\/ROCK-POESIA-II2.jpg\"><img loading=\"lazy\" src=\"http:\/\/www.r2cpress.com.br\/v1\/wp-content\/uploads\/ROCK-POESIA-II2-282x300.jpg\" alt=\"\" title=\"ROCK &amp; POESIA II\" width=\"282\" height=\"300\" class=\"alignleft size-medium wp-image-4172\" srcset=\"https:\/\/www.r2cpress.com.br\/v1\/wp-content\/uploads\/ROCK-POESIA-II2-282x300.jpg 282w, https:\/\/www.r2cpress.com.br\/v1\/wp-content\/uploads\/ROCK-POESIA-II2.jpg 427w\" sizes=\"(max-width: 282px) 100vw, 282px\" \/><\/a>O Rock &#038; Poesia II chega ao final da sua 2\u00aa temporada com dois grandes motivos para celebrar o sucesso do projeto.<\/p>\n<p>\tNeste s\u00e1bado (11) o \u201crock and roll\u201d da banda Infected Minds e a poesia de Rubem Garcia dar\u00e3o conta do recado no teatro Pedro Matos, na Casa dos Artistas.<\/p>\n<p>\tNa ocasi\u00e3o, ser\u00e1 lan\u00e7ada a 2\u00aa edi\u00e7\u00e3o do livro \u201cDi\u00e1logos \u2013 Panorama da Nova Poesia Grapi\u00fana\u201d, uma antologia po\u00e9tica que re\u00fane trabalhos de grandes \u201ccarpinteiros das palavras\u201d do Sul da Bahia.<\/p>\n<p>Os poetas Heitor Brasileiro Filho, Andr\u00e9 Rosa, No\u00e9lia Estrela, Marcus Vin\u00edcius Rodrigues, Piligra, George Pellegrini, Rita Santana, Fabr\u00edcio Brand\u00e3o, Daniela Galdino, Mither Amorim e Geraldo Lavigne estar\u00e3o presentes para uma noite de aut\u00f3grafos.<\/p>\n<p>\tSegundo Gustavo Felic\u00edssimo, um dos idealizadores do evento: \u201ca segunda edi\u00e7\u00e3o de um livro de poemas \u00e9 um acontecimento incomum. Neste caso, vale destacar que a primeira edi\u00e7\u00e3o j\u00e1 \u00e9 uma raridade\u201d.<\/p>\n<p>O Rock &#038; Poesia II ser\u00e1 neste s\u00e1bado (11), \u00e0s 20 horas, na Casa dos Artistas. Endere\u00e7o: rua Jorge Amado, n\u00ba39, centro, Ilh\u00e9us.<\/p>\n<p>Entrada: R$ 10,00 (inteira), R$ 5,00 (meia).<\/p>\n","protected":false},"excerpt":{"rendered":"<p>O Rock &#038; Poesia II chega ao final da sua 2\u00aa temporada com dois grandes motivos para celebrar o sucesso do projeto. Neste s\u00e1bado (11) o \u201crock and roll\u201d da banda Infected Minds e a poesia de Rubem Garcia dar\u00e3o conta do recado no teatro Pedro Matos, na Casa dos Artistas. Na ocasi\u00e3o, ser\u00e1 lan\u00e7ada [&hellip;]<\/p>\n","protected":false},"author":2,"featured_media":0,"comment_status":"open","ping_status":"open","sticky":false,"template":"","format":"standard","meta":{"_links_to":"","_links_to_target":""},"categories":[5],"tags":[],"_links":{"self":[{"href":"https:\/\/www.r2cpress.com.br\/v1\/wp-json\/wp\/v2\/posts\/4171"}],"collection":[{"href":"https:\/\/www.r2cpress.com.br\/v1\/wp-json\/wp\/v2\/posts"}],"about":[{"href":"https:\/\/www.r2cpress.com.br\/v1\/wp-json\/wp\/v2\/types\/post"}],"author":[{"embeddable":true,"href":"https:\/\/www.r2cpress.com.br\/v1\/wp-json\/wp\/v2\/users\/2"}],"replies":[{"embeddable":true,"href":"https:\/\/www.r2cpress.com.br\/v1\/wp-json\/wp\/v2\/comments?post=4171"}],"version-history":[{"count":2,"href":"https:\/\/www.r2cpress.com.br\/v1\/wp-json\/wp\/v2\/posts\/4171\/revisions"}],"predecessor-version":[{"id":4174,"href":"https:\/\/www.r2cpress.com.br\/v1\/wp-json\/wp\/v2\/posts\/4171\/revisions\/4174"}],"wp:attachment":[{"href":"https:\/\/www.r2cpress.com.br\/v1\/wp-json\/wp\/v2\/media?parent=4171"}],"wp:term":[{"taxonomy":"category","embeddable":true,"href":"https:\/\/www.r2cpress.com.br\/v1\/wp-json\/wp\/v2\/categories?post=4171"},{"taxonomy":"post_tag","embeddable":true,"href":"https:\/\/www.r2cpress.com.br\/v1\/wp-json\/wp\/v2\/tags?post=4171"}],"curies":[{"name":"wp","href":"https:\/\/api.w.org\/{rel}","templated":true}]}}