{"id":4182,"date":"2010-12-10T10:12:49","date_gmt":"2010-12-10T13:12:49","guid":{"rendered":"http:\/\/www.r2cpress.com.br\/v1\/?p=4182"},"modified":"2010-12-10T10:12:49","modified_gmt":"2010-12-10T13:12:49","slug":"lula-e-wagner-assinam-ordem-de-servico-para-obras-da-fiol","status":"publish","type":"post","link":"https:\/\/www.r2cpress.com.br\/v1\/2010\/12\/10\/lula-e-wagner-assinam-ordem-de-servico-para-obras-da-fiol\/","title":{"rendered":"Lula e Wagner assinam ordem de servi\u00e7o para obras da Fiol"},"content":{"rendered":"<p>O presidente Luiz In\u00e1cio Lula da Silva e o governador Jaques Wagner assinam nesta sexta-feira (10) em Ilh\u00e9us, a ordem de servi\u00e7o para o in\u00edcio das obras da Ferrovia da Integra\u00e7\u00e3o Oeste-Leste (Fiol), no primeiro trecho, entre Ilh\u00e9us e Caetit\u00e9. A solenidade acontece no Centro de Conven\u00e7\u00f5es de Ilh\u00e9us. A Ferrovia Oeste-Leste vai ligar o litoral Sul da Bahia ao Oeste do Estado, trazendo o min\u00e9rio e a produ\u00e7\u00e3o agropecu\u00e1ria de uma \u00e1rea que se estende de Caetit\u00e9 a Barreiras, para serem embarcados via Ilh\u00e9us; al\u00e9m de interligar o Estado \u00e0s regi\u00f5es Centro-Oeste e Norte do Brasil<\/p>\n<p>A ferrovia tamb\u00e9m estabelece um canal de liga\u00e7\u00e3o com a Ferrovia Norte-Sul, a Estrada de Ferro Caraj\u00e1s e o Oceano Pac\u00edfico (via Peru). Os investimentos para a constru\u00e7\u00e3o da ferrovia, inclu\u00eddos no Plano de Acelera\u00e7\u00e3o do Crescimento (PAC), chegam a R$ 6 bilh\u00f5es at\u00e9 2012.<\/p>\n<p>O governador Jaques Wagner considera que \u201ca constru\u00e7\u00e3o da ferrovia \u00e9 um momento de gl\u00f3ria e a concretiza\u00e7\u00e3o de um projeto que estava nas gavetas havia mais de cinquenta anos. Trata-se de uma obra importante, porque vai trazer muito desenvolvimento para o oeste e por todo o percurso at\u00e9 Ilh\u00e9us\u201d.<\/p>\n<p><!--more--><\/p>\n<p>Durante entrevista coletiva concedida na tarde desta quinta-feira (09) no Hotel Jardim Atl\u00e2ntico em Ilh\u00e9us, o presidente da Valec, Jos\u00e9 Francisco das Neves destacou o compromisso do Governo Federal em implantar um novo modelo de descentraliza\u00e7\u00e3o de log\u00edstica para o Brasil com a Ferrovia Norte-Sul. O encontro contou ainda com a presen\u00e7a do coordenador executivo da Casa Civil do Governo do Estado, Eraci Lafuente.<\/p>\n<p>Para Neves \u201cIlh\u00e9us representa um novo caminho para o soerguimento econ\u00f4mico da regi\u00e3o\u201d. A Ferrovia de Integra\u00e7\u00e3o Oeste-Leste ligar\u00e1 Ilh\u00e9us a Caetit\u00e9 e est\u00e1 dividida em quatro lotes, que totalizam 537 km. Ainda segundo o presidente da Valec a previs\u00e3o \u00e9 que sejam gerados mais de 17 mil empregos diretos e 50 mil indiretos at\u00e9 o fim das obras, que devem ser conclu\u00eddas no fim de 2012. No pr\u00f3ximo dia 22, o presidente Lula inaugura na cidade de Ouro Verde (GO) um trecho da ferrovia que vai se estender at\u00e9 Estrela do Oeste (SP), num total de 679 km.<\/p>\n<p><strong>Gera\u00e7\u00e3o de empregos<\/strong><\/p>\n<p>A utiliza\u00e7\u00e3o de m\u00e3o-de-obra local, investimentos na \u00e1rea de pesca e em estudos que diminuam o impacto da obra sobre o meio-ambiente, a exemplo do Plano de Manejo da Lagoa Encantada, foram alguns dos pontos levantados por Eraci Lafuente. \u201cTodos os recursos que ser\u00e3o investidos na obra ser\u00e3o reproduzidos em servi\u00e7os para a popula\u00e7\u00e3o local\u201d, ressaltou.<\/p>\n<p>A expectativa, segundo Lafuente, \u00e9 que sejam utilizados menos de 800 hectares dos 1700 hectares desapropriados para o Porto Sul, complexo intermodal que ser\u00e1 constru\u00eddo na rodovia Ilh\u00e9us\/Itacar\u00e9, pr\u00f3ximo \u00e0 localidade de Ponta da Tulha e que vai abrigar ainda Zona de Processamento de Exporta\u00e7\u00e3o (ZPE), porto off shore, aeroporto internacional, entre outros equipamentos.<\/p>\n<p>\u201cEsse novo conceito de log\u00edstica sustent\u00e1vel est\u00e1 permitindo que o Complexo e a Ferrovia sejam pensadas levando em considera\u00e7\u00e3o todos os fatores que garantam uma efetiva melhoria na qualidade de vida da popula\u00e7\u00e3o. Por isso, para 2011 o Governo Federal deve voltar a contemplar Ilh\u00e9us com mais unidades habitacionais do Programa Minha Casa, Minha Vida, assim como vem garantindo que outras a\u00e7\u00f5es em cidade do entorno da obra\u201d, destacou Eraci Lafuente.<\/p>\n<p><strong>Transmiss\u00e3o do evento<\/strong><\/p>\n<p>A Assessoria Geral de Comunica\u00e7\u00e3o Social do Governo do Estado da Bahia (Agecom) vai transmitir ao vivo nesta sexta-feira (10), atrav\u00e9s do seu site, a visita do presidente Luiz In\u00e1cio Lula da Silva \u00e0s cidades de Ilh\u00e9us e Salvador.<\/p>\n<p>A transmiss\u00e3o come\u00e7a a partir das 14h30, quando Lula assina, no Centro de Conven\u00e7\u00f5es de Ilh\u00e9us, a ordem de servi\u00e7o da Ferrovia Oeste\/Leste. \u00c0s 18h, em Salvador, o presidente participa da solenidade de formatura dos alunos do TOPA (Todos Pela Alfabetiza\u00e7\u00e3o). O evento ser\u00e1 na \u00e1rea externa da Assembleia Legislativa &#8211; Centro Administrativo da Bahia. A transmiss\u00e3o tem o apoio da Companhia de Processamento de Dados do Estado da Bahia (Prodeb).<\/p>\n<p>&#8212;<br \/>\nAGECOM\/BAHIA<\/p>\n","protected":false},"excerpt":{"rendered":"<p>O presidente Luiz In\u00e1cio Lula da Silva e o governador Jaques Wagner assinam nesta sexta-feira (10) em Ilh\u00e9us, a ordem de servi\u00e7o para o in\u00edcio das obras da Ferrovia da Integra\u00e7\u00e3o Oeste-Leste (Fiol), no primeiro trecho, entre Ilh\u00e9us e Caetit\u00e9. A solenidade acontece no Centro de Conven\u00e7\u00f5es de Ilh\u00e9us. A Ferrovia Oeste-Leste vai ligar o [&hellip;]<\/p>\n","protected":false},"author":2,"featured_media":0,"comment_status":"open","ping_status":"open","sticky":false,"template":"","format":"standard","meta":{"_links_to":"","_links_to_target":""},"categories":[29],"tags":[],"_links":{"self":[{"href":"https:\/\/www.r2cpress.com.br\/v1\/wp-json\/wp\/v2\/posts\/4182"}],"collection":[{"href":"https:\/\/www.r2cpress.com.br\/v1\/wp-json\/wp\/v2\/posts"}],"about":[{"href":"https:\/\/www.r2cpress.com.br\/v1\/wp-json\/wp\/v2\/types\/post"}],"author":[{"embeddable":true,"href":"https:\/\/www.r2cpress.com.br\/v1\/wp-json\/wp\/v2\/users\/2"}],"replies":[{"embeddable":true,"href":"https:\/\/www.r2cpress.com.br\/v1\/wp-json\/wp\/v2\/comments?post=4182"}],"version-history":[{"count":2,"href":"https:\/\/www.r2cpress.com.br\/v1\/wp-json\/wp\/v2\/posts\/4182\/revisions"}],"predecessor-version":[{"id":4184,"href":"https:\/\/www.r2cpress.com.br\/v1\/wp-json\/wp\/v2\/posts\/4182\/revisions\/4184"}],"wp:attachment":[{"href":"https:\/\/www.r2cpress.com.br\/v1\/wp-json\/wp\/v2\/media?parent=4182"}],"wp:term":[{"taxonomy":"category","embeddable":true,"href":"https:\/\/www.r2cpress.com.br\/v1\/wp-json\/wp\/v2\/categories?post=4182"},{"taxonomy":"post_tag","embeddable":true,"href":"https:\/\/www.r2cpress.com.br\/v1\/wp-json\/wp\/v2\/tags?post=4182"}],"curies":[{"name":"wp","href":"https:\/\/api.w.org\/{rel}","templated":true}]}}