{"id":4189,"date":"2010-12-10T10:43:34","date_gmt":"2010-12-10T13:43:34","guid":{"rendered":"http:\/\/www.r2cpress.com.br\/v1\/?p=4189"},"modified":"2010-12-10T10:43:34","modified_gmt":"2010-12-10T13:43:34","slug":"salvador-lidera-denuncias-sexuais","status":"publish","type":"post","link":"https:\/\/www.r2cpress.com.br\/v1\/2010\/12\/10\/salvador-lidera-denuncias-sexuais\/","title":{"rendered":"Salvador lidera den\u00fancias sexuais"},"content":{"rendered":"<p><img loading=\"lazy\" alt=\"\" src=\"http:\/\/www.tribunadabahia.com.br\/capa\/ea68d02fdf.jpg\" class=\"alignleft\" width=\"300\" height=\"180\" \/>Salvador \u00e9 a cidade que mais recebe den\u00fancias sobre viol\u00eancia sexual atrav\u00e9s do disque 100 \u2013 criado em todo pa\u00eds para receber acusa\u00e7\u00f5es de explora\u00e7\u00e3o sexual contra crian\u00e7as e adolescentes. A informa\u00e7\u00e3o foi ventilada pela coordenadora do Projeto Viver da Secretaria de Seguran\u00e7a P\u00fablica do Estado, D\u00e9bora Cohim, durante o Semin\u00e1rio Pr\u00f3-Copa: Um Gol pelos Direitos de Crian\u00e7as e Adolescentes, realizado na manh\u00e3 de ontem, no audit\u00f3rio do Minist\u00e9rio P\u00fablico da Bahia.<\/p>\n<p>A not\u00edcia aponta, de acordo com ela, para a urgente necessidade de formaliza\u00e7\u00e3o na capital baiana de pol\u00edticas p\u00fablicas mais efetivas direcionadas as quest\u00f5es sociais, educacionais e econ\u00f4micas das v\u00edtimas desse tipo de viol\u00eancia.<\/p>\n<p>\u201cPrecisamos anular as condi\u00e7\u00f5es socioecon\u00f4micas que levam os indiv\u00edduos a utilizarem o seu corpo como meio de troca, na maioria das vezes por dinheiro, mas em outras por uma lata de sardinha\u201d, pontuou.<\/p>\n<p>No caso do abuso sexual, ela diz que o problema \u00e9 causa tamb\u00e9m por conta de uma cultura machista da sociedade. \u201cUma cultura que acredita na exist\u00eancia de um direito de se invadir o corpo de outra pessoa\u201d, acrescentou.  Em todo o Brasil, apenas nos quatro primeiros meses deste ano, o Disque 100, coordenado pela Secretaria de Direitos Humanos da Presid\u00eancia da Rep\u00fablica (SDH\/PR), registrou 8.799.<\/p>\n<p>A m\u00e9dia \u00e9 de 73 den\u00fancias por dia. Os registros de viol\u00eancia sexual contra meninos e meninas representam 32% do total das 123.322 den\u00fancias recebidas desde o in\u00edcio do servi\u00e7o, em 2003.<\/p>\n<p><!--more--><\/p>\n<p>Das den\u00fancias de viol\u00eancia sexual registradas no Disque 100 em 2010, 66% s\u00e3o de abuso sexual e 33% de explora\u00e7\u00e3o sexual. Em 2009, o abuso sexual representou 64% dos registros. As principais v\u00edtimas s\u00e3o as meninas. A maior parte das den\u00fancias recebidas pela central \u00e9 contra elas: 62%. Esse n\u00famero sobe para 82% quando as den\u00fancias s\u00e3o de viol\u00eancia sexual.<\/p>\n<p><strong>Explora\u00e7\u00e3o sexual n\u00e3o \u00e9 turismo<\/strong><\/p>\n<p>Com o objetivo de incentivar o combate \u00e0 explora\u00e7\u00e3o sexual e a defesa dos direitos de crian\u00e7as e adolescentes, j\u00e1 visando o per\u00edodo em que acontecer\u00e1 a Copa do Mundo de 2014 no Brasil, foi realizado ontem, no audit\u00f3rio da sede do Minist\u00e9rio P\u00fablico do Estado da Bahia,<\/p>\n<p>o \u201cSemin\u00e1rio Pr\u00f3-Copa: Um Gol pelos Direitos de Crian\u00e7as e Adolescentes\u201d. O evento contou com a presen\u00e7a do procurador-geral de Justi\u00e7a Wellington C\u00e9sar Lima e Silva e pela coordenadora do Centro de Apoio Operacional \u00e0s Promotorias de Justi\u00e7a da Inf\u00e2ncia e da Juventude (Caopjij), promotora de Justi\u00e7a M\u00e1rcia Guedesa, al\u00e9m de outras autoridades, como Joselito Bispo, delegado-chefe da Policia Civil e o comandante geral da PM Nilton Mascarenhas. <\/p>\n<p>Ainda na ocasi\u00e3o, foi assinado um termo de compromisso entre diversas entidades para o combate integrado da explora\u00e7\u00e3o sexual, principalmente durante a Copa do Mundo.<\/p>\n<p>A campanha de combate \u00e0 viol\u00eancia sexual contra crian\u00e7as e adolescentes promovida pelo Minist\u00e9rio P\u00fablico do Estado da Bahia ganhar\u00e1 mais uma forte aliada: a cantora Ivete Sangalo. Ap\u00f3s receber convite da Institui\u00e7\u00e3o, formulado por meio de of\u00edcio enviado pelo procurador-geral de Justi\u00e7a Wellington C\u00e9sar Lima e Silva, a estrela da m\u00fasica baiana aceitou apoiar a campanha, que em 2011 buscar\u00e1 n\u00e3o s\u00f3 estimular a popula\u00e7\u00e3o a denunciar os casos de abuso e explora\u00e7\u00e3o sexual atrav\u00e9s do Disque Nacional 100, como tamb\u00e9m propiciar\u00e1 \u00e0s crian\u00e7as e adolescentes o despertar contra esse tipo de vitimiza\u00e7\u00e3o.<\/p>\n<p>&#8212;<br \/>\nTatiana Ribeiro<br \/>\nNo <a HREF = \"http:\/\/www.tribunadabahia.com.br\/news.php?idAtual=67364\" target = \"_news\"><b>Tribuna da Bahia<\/b><\/a><\/p>\n","protected":false},"excerpt":{"rendered":"<p>Salvador \u00e9 a cidade que mais recebe den\u00fancias sobre viol\u00eancia sexual atrav\u00e9s do disque 100 \u2013 criado em todo pa\u00eds para receber acusa\u00e7\u00f5es de explora\u00e7\u00e3o sexual contra crian\u00e7as e adolescentes. A informa\u00e7\u00e3o foi ventilada pela coordenadora do Projeto Viver da Secretaria de Seguran\u00e7a P\u00fablica do Estado, D\u00e9bora Cohim, durante o Semin\u00e1rio Pr\u00f3-Copa: Um Gol pelos [&hellip;]<\/p>\n","protected":false},"author":2,"featured_media":0,"comment_status":"open","ping_status":"open","sticky":false,"template":"","format":"standard","meta":{"_links_to":"","_links_to_target":""},"categories":[13],"tags":[],"_links":{"self":[{"href":"https:\/\/www.r2cpress.com.br\/v1\/wp-json\/wp\/v2\/posts\/4189"}],"collection":[{"href":"https:\/\/www.r2cpress.com.br\/v1\/wp-json\/wp\/v2\/posts"}],"about":[{"href":"https:\/\/www.r2cpress.com.br\/v1\/wp-json\/wp\/v2\/types\/post"}],"author":[{"embeddable":true,"href":"https:\/\/www.r2cpress.com.br\/v1\/wp-json\/wp\/v2\/users\/2"}],"replies":[{"embeddable":true,"href":"https:\/\/www.r2cpress.com.br\/v1\/wp-json\/wp\/v2\/comments?post=4189"}],"version-history":[{"count":2,"href":"https:\/\/www.r2cpress.com.br\/v1\/wp-json\/wp\/v2\/posts\/4189\/revisions"}],"predecessor-version":[{"id":4191,"href":"https:\/\/www.r2cpress.com.br\/v1\/wp-json\/wp\/v2\/posts\/4189\/revisions\/4191"}],"wp:attachment":[{"href":"https:\/\/www.r2cpress.com.br\/v1\/wp-json\/wp\/v2\/media?parent=4189"}],"wp:term":[{"taxonomy":"category","embeddable":true,"href":"https:\/\/www.r2cpress.com.br\/v1\/wp-json\/wp\/v2\/categories?post=4189"},{"taxonomy":"post_tag","embeddable":true,"href":"https:\/\/www.r2cpress.com.br\/v1\/wp-json\/wp\/v2\/tags?post=4189"}],"curies":[{"name":"wp","href":"https:\/\/api.w.org\/{rel}","templated":true}]}}