{"id":41939,"date":"2012-05-30T10:56:16","date_gmt":"2012-05-30T13:56:16","guid":{"rendered":"http:\/\/www.r2cpress.com.br\/v1\/?p=41939"},"modified":"2012-05-30T10:56:16","modified_gmt":"2012-05-30T13:56:16","slug":"conselho-municipal-de-cultura-de-ilheus","status":"publish","type":"post","link":"https:\/\/www.r2cpress.com.br\/v1\/2012\/05\/30\/conselho-municipal-de-cultura-de-ilheus\/","title":{"rendered":"CONSELHO MUNICIPAL DE CULTURA DE ILH\u00c9US"},"content":{"rendered":"<p>Em virtude da presen\u00e7a dos representantes da UNESCO e do MINC na nossa cidade, a Presid\u00eancia do CMC convoca Assembl\u00e9ia Extraordin\u00e1ria a ser realizada dia 31 de Maio de 2012 (quarta-Feira) \u00e0s 17 horas na FUNDACI, com a seguinte pauta:<\/p>\n<p>1- Reuni\u00e3o com os representantes da UNESCO e do MINC sobre os sistemas municipal e nacional de cultura;<br \/>\n2- Apresenta\u00e7\u00e3o dos editais da FUNCEB-SECULT.<\/p>\n<p>Atenciosamente,<\/p>\n<p>Andr\u00e9 Rosa<br \/>\nSecret\u00e1rio-Geral do CMC<\/p>\n","protected":false},"excerpt":{"rendered":"<p>Em virtude da presen\u00e7a dos representantes da UNESCO e do MINC na nossa cidade, a Presid\u00eancia do CMC convoca Assembl\u00e9ia Extraordin\u00e1ria a ser realizada dia 31 de Maio de 2012 (quarta-Feira) \u00e0s 17 horas na FUNDACI, com a seguinte pauta: 1- Reuni\u00e3o com os representantes da UNESCO e do MINC sobre os sistemas municipal e [&hellip;]<\/p>\n","protected":false},"author":2,"featured_media":0,"comment_status":"open","ping_status":"open","sticky":false,"template":"","format":"standard","meta":{"_links_to":"","_links_to_target":""},"categories":[5],"tags":[],"_links":{"self":[{"href":"https:\/\/www.r2cpress.com.br\/v1\/wp-json\/wp\/v2\/posts\/41939"}],"collection":[{"href":"https:\/\/www.r2cpress.com.br\/v1\/wp-json\/wp\/v2\/posts"}],"about":[{"href":"https:\/\/www.r2cpress.com.br\/v1\/wp-json\/wp\/v2\/types\/post"}],"author":[{"embeddable":true,"href":"https:\/\/www.r2cpress.com.br\/v1\/wp-json\/wp\/v2\/users\/2"}],"replies":[{"embeddable":true,"href":"https:\/\/www.r2cpress.com.br\/v1\/wp-json\/wp\/v2\/comments?post=41939"}],"version-history":[{"count":2,"href":"https:\/\/www.r2cpress.com.br\/v1\/wp-json\/wp\/v2\/posts\/41939\/revisions"}],"predecessor-version":[{"id":41941,"href":"https:\/\/www.r2cpress.com.br\/v1\/wp-json\/wp\/v2\/posts\/41939\/revisions\/41941"}],"wp:attachment":[{"href":"https:\/\/www.r2cpress.com.br\/v1\/wp-json\/wp\/v2\/media?parent=41939"}],"wp:term":[{"taxonomy":"category","embeddable":true,"href":"https:\/\/www.r2cpress.com.br\/v1\/wp-json\/wp\/v2\/categories?post=41939"},{"taxonomy":"post_tag","embeddable":true,"href":"https:\/\/www.r2cpress.com.br\/v1\/wp-json\/wp\/v2\/tags?post=41939"}],"curies":[{"name":"wp","href":"https:\/\/api.w.org\/{rel}","templated":true}]}}