{"id":42157,"date":"2012-06-01T14:12:33","date_gmt":"2012-06-01T17:12:33","guid":{"rendered":"http:\/\/www.r2cpress.com.br\/v1\/?p=42157"},"modified":"2012-06-01T14:12:33","modified_gmt":"2012-06-01T17:12:33","slug":"livro-com-historias-de-adonias-filho-organizado-por-cyro-de-mattos-vai-ser-lancado-na-sede-do-memorial-adonias-filho-em-itajuipe","status":"publish","type":"post","link":"https:\/\/www.r2cpress.com.br\/v1\/2012\/06\/01\/livro-com-historias-de-adonias-filho-organizado-por-cyro-de-mattos-vai-ser-lancado-na-sede-do-memorial-adonias-filho-em-itajuipe\/","title":{"rendered":"Livro com Hist\u00f3rias de Adonias Filho Organizado por Cyro de Mattos Vai Ser  Lan\u00e7ado na Sede do Memorial Adonias Filho em Itaju\u00edpe"},"content":{"rendered":"<p><a href=\"http:\/\/www.r2cpress.com.br\/v1\/wp-content\/uploads\/Convite_itajuipe.jpg\"><img loading=\"lazy\" class=\"size-medium wp-image-42158 alignleft\" title=\"Convite_itajuipe\" src=\"http:\/\/www.r2cpress.com.br\/v1\/wp-content\/uploads\/Convite_itajuipe-240x300.jpg\" alt=\"\" width=\"240\" height=\"300\" srcset=\"https:\/\/www.r2cpress.com.br\/v1\/wp-content\/uploads\/Convite_itajuipe-240x300.jpg 240w, https:\/\/www.r2cpress.com.br\/v1\/wp-content\/uploads\/Convite_itajuipe-819x1024.jpg 819w, https:\/\/www.r2cpress.com.br\/v1\/wp-content\/uploads\/Convite_itajuipe.jpg 945w\" sizes=\"(max-width: 240px) 100vw, 240px\" \/><\/a>Numa edi\u00e7\u00e3o primorosa, com bel\u00edssimas ilustra\u00e7\u00f5es do desenhista baiano \u00c2ngelo Roberto, nascido em Ibicara\u00ed, a colet\u00e2nea Hist\u00f3rias Dispersas de Adonias Filho, com pref\u00e1cio, notas e organiza\u00e7\u00e3o do escritor Cyro de Mattos, ser\u00e1 lan\u00e7ada na Sede do Memorial Adonias Filho, em Itaju\u00edpe, no dia 08 de junho de 2012, \u00e0s 19 horas. O livro foi publicado pela Editus, editora da UESC, e nele s\u00e3o apresentadas cinco hist\u00f3rias em que o escritor Adonias Filho transmite sua paix\u00e3o por uma humanidade feita de verdades fundamentais atrav\u00e9s da vis\u00e3o dram\u00e1tica, l\u00edrica e amorosa, que palpita em seus protagonistas, nas passagens feitas de alus\u00f5es e observa\u00e7\u00f5es l\u00facidas.<\/p>\n<p>O Brabo e Sua \u00cdndia, A Li\u00e7\u00e3o, Nosso Bispo, Amor no Catete e A Volta s\u00e3o as hist\u00f3rias que comp\u00f5em a colet\u00e2nea e que foram publicadas h\u00e1 mais de trinta anos, em revistas, jornais e antologias. A colet\u00e2nea traz ainda uma pesquisa iconogr\u00e1fica feita com bom gosto pelo escritor Cyro de Mattos na qual \u00e9 mostrado o consagrado romancista baiano Adonias Filho em momentos importantes de sua vida: tomando posse na Academia Brasileira de Letras, em sua fazenda Alian\u00e7a, em Inema, em sua viagem a Luanda (\u00c1frica) e com os amigos Rachel de Queiroz, Jorge Amado e Gilberto Freire.<\/p>\n<p><strong>LEG\u00cdTIMO CRIADOR<\/strong><\/p>\n<p>H\u00e1 que se destacar como posf\u00e1cio na colet\u00e2nea o estudo Experi\u00eancia de um Romancista, do Professor Em\u00e9rito Doutor Fred Ellison, da Universidade de Austin, Texas, com tradu\u00e7\u00e3o para o portugu\u00eas do Professor Em\u00e9rito Doutor Luiz Ang\u00e9lico, da Universidade Federal da Bahia. Cyro de Mattos, no pref\u00e1cio da colet\u00e2nea, declara que \u201co tratamento digno que imprime o leg\u00edtimo criador de linguagem \u00e0 sua gente, nestas Hist\u00f3rias Dispersas, que ora acontecem no interior do sul da Bahia, ora na Capital, j\u00e1 demonstra aquele que seria em sua carreira de escritor, entre o tr\u00e1gico e o l\u00edrico, um dos maiores int\u00e9rpretes da natureza humana feita de sortil\u00e9gios, ermos e pesos da vida, em sua dimens\u00e3o m\u00edtica povoada de mist\u00e9rios\u201d.<\/p>\n<p>O livro foi lan\u00e7ado em Salvador na Academia de Letras da Bahia, no \u00faltimo dia 25\/04\/2012, e na Faculdade de Tecnologia e Ci\u00eancias \u2013 FTC em Itabuna, no dia 04\/05\/2012.<\/p>\n","protected":false},"excerpt":{"rendered":"<p>Numa edi\u00e7\u00e3o primorosa, com bel\u00edssimas ilustra\u00e7\u00f5es do desenhista baiano \u00c2ngelo Roberto, nascido em Ibicara\u00ed, a colet\u00e2nea Hist\u00f3rias Dispersas de Adonias Filho, com pref\u00e1cio, notas e organiza\u00e7\u00e3o do escritor Cyro de Mattos, ser\u00e1 lan\u00e7ada na Sede do Memorial Adonias Filho, em Itaju\u00edpe, no dia 08 de junho de 2012, \u00e0s 19 horas. O livro foi publicado [&hellip;]<\/p>\n","protected":false},"author":2,"featured_media":0,"comment_status":"open","ping_status":"open","sticky":false,"template":"","format":"standard","meta":{"_links_to":"","_links_to_target":""},"categories":[5],"tags":[],"_links":{"self":[{"href":"https:\/\/www.r2cpress.com.br\/v1\/wp-json\/wp\/v2\/posts\/42157"}],"collection":[{"href":"https:\/\/www.r2cpress.com.br\/v1\/wp-json\/wp\/v2\/posts"}],"about":[{"href":"https:\/\/www.r2cpress.com.br\/v1\/wp-json\/wp\/v2\/types\/post"}],"author":[{"embeddable":true,"href":"https:\/\/www.r2cpress.com.br\/v1\/wp-json\/wp\/v2\/users\/2"}],"replies":[{"embeddable":true,"href":"https:\/\/www.r2cpress.com.br\/v1\/wp-json\/wp\/v2\/comments?post=42157"}],"version-history":[{"count":4,"href":"https:\/\/www.r2cpress.com.br\/v1\/wp-json\/wp\/v2\/posts\/42157\/revisions"}],"predecessor-version":[{"id":42162,"href":"https:\/\/www.r2cpress.com.br\/v1\/wp-json\/wp\/v2\/posts\/42157\/revisions\/42162"}],"wp:attachment":[{"href":"https:\/\/www.r2cpress.com.br\/v1\/wp-json\/wp\/v2\/media?parent=42157"}],"wp:term":[{"taxonomy":"category","embeddable":true,"href":"https:\/\/www.r2cpress.com.br\/v1\/wp-json\/wp\/v2\/categories?post=42157"},{"taxonomy":"post_tag","embeddable":true,"href":"https:\/\/www.r2cpress.com.br\/v1\/wp-json\/wp\/v2\/tags?post=42157"}],"curies":[{"name":"wp","href":"https:\/\/api.w.org\/{rel}","templated":true}]}}