{"id":42198,"date":"2012-06-02T09:26:24","date_gmt":"2012-06-02T12:26:24","guid":{"rendered":"http:\/\/www.r2cpress.com.br\/v1\/?p=42198"},"modified":"2012-06-02T09:42:05","modified_gmt":"2012-06-02T12:42:05","slug":"capoeiragem-da-primeira-sexta-do-mes","status":"publish","type":"post","link":"https:\/\/www.r2cpress.com.br\/v1\/2012\/06\/02\/capoeiragem-da-primeira-sexta-do-mes\/","title":{"rendered":"Capoeiragem da primeira Sexta do m\u00eas"},"content":{"rendered":"<p>Idealizado pelo Grupo de capoeira Bangal\u00f4, o projeto Capoeiragem da Primeira Sexta do M\u00eas, foi inaugurado no clube da Av. Itabuna neste 1\u00ba de Junho com presen\u00e7a dos grupos Mucumbo, Tribo Unida, Negra Raiz, Ra\u00e7a, Barro Vermelho Aguia Dourada e o  Mvimento Feminino de Capoeira, com os respectivos mestres Virg\u00edlio, Marquinhos Tabaco, Rafael Gomes, Gu\u00e9, Seguran\u00e7a e Claud\u00edvia. O Grupo de Estudos e A\u00e7\u00e3o pela Negralidade foi representado pelo professor Morceg\u00e3o, enquanto que o MNU (Movimento Negro Unificado) o foi pelo seu Coordenador Geral Edson Vieira elogiando a iniciativa do Bangal\u00f4  considerando que &#8220;encontros assim, fortalecem os la\u00e7os de companheirismo entre os capoeiristas&#8221;. Lembrou tamb\u00e9m que &#8220;l\u00e1, no come\u00e7o, ainda nas senzalas, o esp\u00edrito de fraternidade entre as diversas etnias fortaleceu a resist\u00eancia do povo negro&#8221;.<\/p>\n","protected":false},"excerpt":{"rendered":"<p>Idealizado pelo Grupo de capoeira Bangal\u00f4, o projeto Capoeiragem da Primeira Sexta do M\u00eas, foi inaugurado no clube da Av. Itabuna neste 1\u00ba de Junho com presen\u00e7a dos grupos Mucumbo, Tribo Unida, Negra Raiz, Ra\u00e7a, Barro Vermelho Aguia Dourada e o Mvimento Feminino de Capoeira, com os respectivos mestres Virg\u00edlio, Marquinhos Tabaco, Rafael Gomes, Gu\u00e9, [&hellip;]<\/p>\n","protected":false},"author":2,"featured_media":0,"comment_status":"open","ping_status":"open","sticky":false,"template":"","format":"standard","meta":{"_links_to":"","_links_to_target":""},"categories":[5],"tags":[],"_links":{"self":[{"href":"https:\/\/www.r2cpress.com.br\/v1\/wp-json\/wp\/v2\/posts\/42198"}],"collection":[{"href":"https:\/\/www.r2cpress.com.br\/v1\/wp-json\/wp\/v2\/posts"}],"about":[{"href":"https:\/\/www.r2cpress.com.br\/v1\/wp-json\/wp\/v2\/types\/post"}],"author":[{"embeddable":true,"href":"https:\/\/www.r2cpress.com.br\/v1\/wp-json\/wp\/v2\/users\/2"}],"replies":[{"embeddable":true,"href":"https:\/\/www.r2cpress.com.br\/v1\/wp-json\/wp\/v2\/comments?post=42198"}],"version-history":[{"count":2,"href":"https:\/\/www.r2cpress.com.br\/v1\/wp-json\/wp\/v2\/posts\/42198\/revisions"}],"predecessor-version":[{"id":42200,"href":"https:\/\/www.r2cpress.com.br\/v1\/wp-json\/wp\/v2\/posts\/42198\/revisions\/42200"}],"wp:attachment":[{"href":"https:\/\/www.r2cpress.com.br\/v1\/wp-json\/wp\/v2\/media?parent=42198"}],"wp:term":[{"taxonomy":"category","embeddable":true,"href":"https:\/\/www.r2cpress.com.br\/v1\/wp-json\/wp\/v2\/categories?post=42198"},{"taxonomy":"post_tag","embeddable":true,"href":"https:\/\/www.r2cpress.com.br\/v1\/wp-json\/wp\/v2\/tags?post=42198"}],"curies":[{"name":"wp","href":"https:\/\/api.w.org\/{rel}","templated":true}]}}